{"id":120488,"date":"2021-07-14T11:29:25","date_gmt":"2021-07-14T09:29:25","guid":{"rendered":"https:\/\/stylestore.com\/se\/?p=120488"},"modified":"2021-07-14T11:29:25","modified_gmt":"2021-07-14T09:29:25","slug":"talking-tailoring","status":"publish","type":"post","link":"https:\/\/stylestore.com\/se\/blog\/talking-tailoring\/","title":{"rendered":"TALKING TAILORING"},"content":{"rendered":"<p><img fetchpriority=\"high\" decoding=\"async\" class=\"alignnone wp-image-455574 size-full\" src=\"https:\/\/stylestore.com\/da\/wp-content\/uploads\/sites\/3\/2021\/07\/blog-sort-susanna-2stk-skabelon.jpg\" alt=\"kvinde med sort blazer\" width=\"2149\" height=\"1600\" \/><\/p>\n<p>Sedan lanseringen av den f\u00f6rsta skr\u00e4ddarkollektionen 2020 har WithBlack&#8217;s designteam finslipat varje design, s\u00f6m och sk\u00e4rning i v\u00e5r studio i Jelling, Danmark. Designen och kvaliteten \u00e4r traditionell och hantverket \u00e4r f\u00f6rstklassigt, vilket ger varje modell en bekv\u00e4m och lyxig passform.<\/p>\n<p>Vi har n\u00e4mligen hittat l\u00f6sningen f\u00f6r att uppn\u00e5 h\u00f6g kvalitet och perfekt passform, samtidigt som vi erbjuder det till ett \u00f6verkomligt pris.<\/p>\n<h6>A CELEBRATION OF HERITAGE<\/h6>\n<p>Utg\u00e5ngspunkten f\u00f6r alla WithBlack-kollektioner \u00e4r god kvalitet, perfekt passform och h\u00e5llbarhet till \u00f6verkomliga priser &#8211; och skr\u00e4dderi \u00e4r inget undantag. Fr\u00e5n en kavaj med en l\u00e4tt \u00f6verdimensionerad passform till videobyxor av finaste kvalitet med vacker struktur. Detta fokus p\u00e5 hantverk utg\u00f6r identiteten f\u00f6r hela varum\u00e4rkets skr\u00e4ddarlinje. MedBlack vill vi uppn\u00e5 samma sak med skr\u00e4ddarkollektionerna som med v\u00e5ra andra kollektioner: design som \u00e4r funktionell, men med ett universellt tilltal som h\u00e5ller s\u00e4song efter s\u00e4song.<\/p>\n<p><img decoding=\"async\" class=\"alignnone wp-image-455570 size-full\" src=\"https:\/\/stylestore.com\/da\/wp-content\/uploads\/sites\/3\/2021\/07\/blog-2-2stk-skabelon-1.jpg\" alt=\"kvinde i paperbag-bukser\" width=\"2149\" height=\"1600\" \/><\/p>\n<h6>QUALITY: BEHIND THE SEAMS<\/h6>\n<p>S\u00e5 vad \u00e4r det som \u00e4r s\u00e5 speciellt med WithBlack skr\u00e4dderi? Varum\u00e4rkets tillv\u00e4gag\u00e5ngss\u00e4tt har utvecklats som svar p\u00e5 kundernas behov, stil och \u00f6verg\u00e5ngen till en mer h\u00e5llbar verklighet. Vi vill bryta traditioner, samtidigt som vi ser till att varje modell \u00e4r praktisk &#8211; med en unik passform och h\u00f6gkvalitativ finish.<\/p>\n<p>F\u00f6r att uppn\u00e5 b\u00e4sta m\u00f6jliga resultat \u00e4r kvalitet en av de viktigaste punkterna. Beroende p\u00e5 s\u00e4song varierar de i kvalitet, struktur och passform. En sak \u00e4r dock konstant: alla material kommer fr\u00e5n ansvarsfulla fabriker som \u00e4r k\u00e4nda f\u00f6r att producera h\u00f6gkvalitativa tyger. H\u00e4r \u00e4r valet av tyg avg\u00f6rande. Det finns inget s\u00e4tt att undvika det, f\u00f6r om vi anv\u00e4nder billiga material f\u00e5r vi inte den h\u00f6ga standard vi vill ha.<\/p>\n<p><img decoding=\"async\" class=\"alignnone wp-image-455569 size-full\" src=\"https:\/\/stylestore.com\/da\/wp-content\/uploads\/sites\/3\/2021\/07\/dobbelt-blog-2stk-skabelon.jpg\" alt=\"kvinde i shorts og blazer\" width=\"2149\" height=\"1600\" \/><\/p>\n<h6>THE FUTURE: TAILORED TO LAST<\/h6>\n<p>Men WithBlack har ocks\u00e5 en experimentell sida och f\u00f6rs\u00f6ker alltid ligga steget f\u00f6re och utveckla modet i takt med att det uppst\u00e5r. Och det \u00e4r h\u00e4r som detaljerna \u00e4r viktiga: Alla vet vad man kan f\u00f6rv\u00e4nta sig av en skr\u00e4ddarsydd kl\u00e4dsel: kavajen, manschettknappen. S\u00e5 det har varit intressant att spela med dem under s\u00e4songen och utveckla de traditionella koncepten. Vi har gett byxorna vidd i benen och lagt till ett b\u00e4lte, vilket ger dem en mer avslappnad pappersp\u00e5se-look.<\/p>\n<p>V\u00e4rlden utvecklas nu mer \u00e4n n\u00e5gonsin, och m\u00e4nniskor s\u00f6ker olika typer av skr\u00e4ddarsydda kl\u00e4der. Arbetslivet p\u00e5verkar till exempel hur en blazer b\u00e4rs, vilket inneb\u00e4r att v\u00e5r design ocks\u00e5 m\u00e5ste anpassas.<\/p>\n<p>WithBlack kommer att utforska gr\u00e4nserna f\u00f6r skr\u00e4dderi, medan stilen och den h\u00f6gkvalitativa designen alltid kommer att vara rotad i k\u00e4rnan. Det betyder att oavsett vilken stil du har kan du med skr\u00e4dderi fr\u00e5n WithBlack f\u00f6rv\u00e4nta dig stilar som h\u00e5ller i din #betterwardrobe.<\/p>\n<p>&nbsp;<\/p>\n<blockquote>\n<p style=\"text-align: center;\"><a href=\"https:\/\/stylestore.com\/se\/tailoring\">UTFORSKA KOLLEKTIONEN H\u00c4R<\/a><\/p>\n<\/blockquote>\n<p>Love, StyleStore?<\/p>\n","protected":false},"excerpt":{"rendered":"Sedan lanseringen av den f\u00f6rsta skr\u00e4ddarkollektionen 2020 har WithBlack&#8217;s designteam finslipat varje design, s\u00f6m och sk\u00e4rning i v\u00e5r studio i Jelling, Danmark. Designen och kvaliteten \u00e4r traditionell och hantverket \u00e4r f\u00f6rstklassigt, vilket ger varje modell en bekv\u00e4m och lyxig passform.","protected":false},"author":4116,"featured_media":120955,"comment_status":"closed","ping_status":"closed","sticky":false,"template":"","format":"standard","meta":{"_acf_changed":false,"footnotes":""},"categories":[2431,1],"tags":[],"class_list":["post-120488","post","type-post","status-publish","format-standard","has-post-thumbnail","hentry","category-blog","category-uncategorized"],"acf":[],"yoast_head":"<!-- This site is optimized with the Yoast SEO plugin v23.8 - https:\/\/yoast.com\/wordpress\/plugins\/seo\/ -->\n<title>TALKING TAILORING &#187; Stylestore.com Sweden<\/title>\n<meta name=\"description\" content=\"Sedan lanseringen av den f\u00f6rsta kollektionen 2020 har WithBlack&#039;s designteam finslipat varje design, s\u00f6m och sk\u00e4rning i v\u00e5r studio i Danmark.\" \/>\n<meta name=\"robots\" content=\"index, follow, max-snippet:-1, max-image-preview:large, max-video-preview:-1\" \/>\n<link rel=\"canonical\" href=\"https:\/\/stylestore.com\/se\/blog\/talking-tailoring\/\" \/>\n<meta property=\"og:locale\" content=\"sv_SE\" \/>\n<meta property=\"og:type\" content=\"article\" \/>\n<meta property=\"og:title\" content=\"TALKING TAILORING &#187; Stylestore.com Sweden\" \/>\n<meta property=\"og:description\" content=\"Sedan lanseringen av den f\u00f6rsta kollektionen 2020 har WithBlack&#039;s designteam finslipat varje design, s\u00f6m och sk\u00e4rning i v\u00e5r studio i Danmark.\" \/>\n<meta property=\"og:url\" content=\"https:\/\/stylestore.com\/se\/blog\/talking-tailoring\/\" \/>\n<meta property=\"og:site_name\" content=\"Stylestore.com Sweden\" \/>\n<meta property=\"article:published_time\" content=\"2021-07-14T09:29:25+00:00\" \/>\n<meta property=\"og:image\" content=\"https:\/\/stylestore.com\/se\/wp-content\/uploads\/sites\/5\/2021\/07\/rubysaet_anna_sort-hvid_instagram.jpg\" \/>\n\t<meta property=\"og:image:width\" content=\"1200\" \/>\n\t<meta property=\"og:image:height\" content=\"1500\" \/>\n\t<meta property=\"og:image:type\" content=\"image\/jpeg\" \/>\n<meta name=\"author\" content=\"elineeggers\" \/>\n<meta name=\"twitter:card\" content=\"summary_large_image\" \/>\n<meta name=\"twitter:label1\" content=\"Skriven av\" \/>\n\t<meta name=\"twitter:data1\" content=\"elineeggers\" \/>\n\t<meta name=\"twitter:label2\" content=\"Ber\u00e4knad l\u00e4stid\" \/>\n\t<meta name=\"twitter:data2\" content=\"3 minuter\" \/>\n<script type=\"application\/ld+json\" class=\"yoast-schema-graph\">{\"@context\":\"https:\/\/schema.org\",\"@graph\":[{\"@type\":\"WebPage\",\"@id\":\"https:\/\/stylestore.com\/se\/blog\/talking-tailoring\/\",\"url\":\"https:\/\/stylestore.com\/se\/blog\/talking-tailoring\/\",\"name\":\"TALKING TAILORING &#187; Stylestore.com Sweden\",\"isPartOf\":{\"@id\":\"https:\/\/stylestore.com\/se\/#website\"},\"primaryImageOfPage\":{\"@id\":\"https:\/\/stylestore.com\/se\/blog\/talking-tailoring\/#primaryimage\"},\"image\":{\"@id\":\"https:\/\/stylestore.com\/se\/blog\/talking-tailoring\/#primaryimage\"},\"thumbnailUrl\":\"https:\/\/stylestore.com\/se\/wp-content\/uploads\/sites\/5\/2021\/07\/rubysaet_anna_sort-hvid_instagram.jpg\",\"datePublished\":\"2021-07-14T09:29:25+00:00\",\"dateModified\":\"2021-07-14T09:29:25+00:00\",\"author\":{\"@id\":\"https:\/\/stylestore.com\/se\/#\/schema\/person\/9aec83ddc7cd53c400634e4dd3660686\"},\"description\":\"Sedan lanseringen av den f\u00f6rsta kollektionen 2020 har WithBlack's designteam finslipat varje design, s\u00f6m och sk\u00e4rning i v\u00e5r studio i Danmark.\",\"breadcrumb\":{\"@id\":\"https:\/\/stylestore.com\/se\/blog\/talking-tailoring\/#breadcrumb\"},\"inLanguage\":\"sv-SE\",\"potentialAction\":[{\"@type\":\"ReadAction\",\"target\":[\"https:\/\/stylestore.com\/se\/blog\/talking-tailoring\/\"]}]},{\"@type\":\"ImageObject\",\"inLanguage\":\"sv-SE\",\"@id\":\"https:\/\/stylestore.com\/se\/blog\/talking-tailoring\/#primaryimage\",\"url\":\"https:\/\/stylestore.com\/se\/wp-content\/uploads\/sites\/5\/2021\/07\/rubysaet_anna_sort-hvid_instagram.jpg\",\"contentUrl\":\"https:\/\/stylestore.com\/se\/wp-content\/uploads\/sites\/5\/2021\/07\/rubysaet_anna_sort-hvid_instagram.jpg\",\"width\":1200,\"height\":1500},{\"@type\":\"BreadcrumbList\",\"@id\":\"https:\/\/stylestore.com\/se\/blog\/talking-tailoring\/#breadcrumb\",\"itemListElement\":[{\"@type\":\"ListItem\",\"position\":1,\"name\":\"Home\",\"item\":\"https:\/\/stylestore.com\/se\/\"},{\"@type\":\"ListItem\",\"position\":2,\"name\":\"TALKING TAILORING\"}]},{\"@type\":\"WebSite\",\"@id\":\"https:\/\/stylestore.com\/se\/#website\",\"url\":\"https:\/\/stylestore.com\/se\/\",\"name\":\"Stylestore.com Sweden\",\"description\":\"\",\"potentialAction\":[{\"@type\":\"SearchAction\",\"target\":{\"@type\":\"EntryPoint\",\"urlTemplate\":\"https:\/\/stylestore.com\/se\/?s={search_term_string}\"},\"query-input\":{\"@type\":\"PropertyValueSpecification\",\"valueRequired\":true,\"valueName\":\"search_term_string\"}}],\"inLanguage\":\"sv-SE\"},{\"@type\":\"Person\",\"@id\":\"https:\/\/stylestore.com\/se\/#\/schema\/person\/9aec83ddc7cd53c400634e4dd3660686\",\"name\":\"elineeggers\"}]}<\/script>\n<!-- \/ Yoast SEO plugin. -->","yoast_head_json":{"title":"TALKING TAILORING &#187; Stylestore.com Sweden","description":"Sedan lanseringen av den f\u00f6rsta kollektionen 2020 har WithBlack's designteam finslipat varje design, s\u00f6m och sk\u00e4rning i v\u00e5r studio i Danmark.","robots":{"index":"index","follow":"follow","max-snippet":"max-snippet:-1","max-image-preview":"max-image-preview:large","max-video-preview":"max-video-preview:-1"},"canonical":"https:\/\/stylestore.com\/se\/blog\/talking-tailoring\/","og_locale":"sv_SE","og_type":"article","og_title":"TALKING TAILORING &#187; Stylestore.com Sweden","og_description":"Sedan lanseringen av den f\u00f6rsta kollektionen 2020 har WithBlack's designteam finslipat varje design, s\u00f6m och sk\u00e4rning i v\u00e5r studio i Danmark.","og_url":"https:\/\/stylestore.com\/se\/blog\/talking-tailoring\/","og_site_name":"Stylestore.com Sweden","article_published_time":"2021-07-14T09:29:25+00:00","og_image":[{"width":1200,"height":1500,"url":"https:\/\/stylestore.com\/se\/wp-content\/uploads\/sites\/5\/2021\/07\/rubysaet_anna_sort-hvid_instagram.jpg","type":"image\/jpeg"}],"author":"elineeggers","twitter_card":"summary_large_image","twitter_misc":{"Skriven av":"elineeggers","Ber\u00e4knad l\u00e4stid":"3 minuter"},"schema":{"@context":"https:\/\/schema.org","@graph":[{"@type":"WebPage","@id":"https:\/\/stylestore.com\/se\/blog\/talking-tailoring\/","url":"https:\/\/stylestore.com\/se\/blog\/talking-tailoring\/","name":"TALKING TAILORING &#187; Stylestore.com Sweden","isPartOf":{"@id":"https:\/\/stylestore.com\/se\/#website"},"primaryImageOfPage":{"@id":"https:\/\/stylestore.com\/se\/blog\/talking-tailoring\/#primaryimage"},"image":{"@id":"https:\/\/stylestore.com\/se\/blog\/talking-tailoring\/#primaryimage"},"thumbnailUrl":"https:\/\/stylestore.com\/se\/wp-content\/uploads\/sites\/5\/2021\/07\/rubysaet_anna_sort-hvid_instagram.jpg","datePublished":"2021-07-14T09:29:25+00:00","dateModified":"2021-07-14T09:29:25+00:00","author":{"@id":"https:\/\/stylestore.com\/se\/#\/schema\/person\/9aec83ddc7cd53c400634e4dd3660686"},"description":"Sedan lanseringen av den f\u00f6rsta kollektionen 2020 har WithBlack's designteam finslipat varje design, s\u00f6m och sk\u00e4rning i v\u00e5r studio i Danmark.","breadcrumb":{"@id":"https:\/\/stylestore.com\/se\/blog\/talking-tailoring\/#breadcrumb"},"inLanguage":"sv-SE","potentialAction":[{"@type":"ReadAction","target":["https:\/\/stylestore.com\/se\/blog\/talking-tailoring\/"]}]},{"@type":"ImageObject","inLanguage":"sv-SE","@id":"https:\/\/stylestore.com\/se\/blog\/talking-tailoring\/#primaryimage","url":"https:\/\/stylestore.com\/se\/wp-content\/uploads\/sites\/5\/2021\/07\/rubysaet_anna_sort-hvid_instagram.jpg","contentUrl":"https:\/\/stylestore.com\/se\/wp-content\/uploads\/sites\/5\/2021\/07\/rubysaet_anna_sort-hvid_instagram.jpg","width":1200,"height":1500},{"@type":"BreadcrumbList","@id":"https:\/\/stylestore.com\/se\/blog\/talking-tailoring\/#breadcrumb","itemListElement":[{"@type":"ListItem","position":1,"name":"Home","item":"https:\/\/stylestore.com\/se\/"},{"@type":"ListItem","position":2,"name":"TALKING TAILORING"}]},{"@type":"WebSite","@id":"https:\/\/stylestore.com\/se\/#website","url":"https:\/\/stylestore.com\/se\/","name":"Stylestore.com Sweden","description":"","potentialAction":[{"@type":"SearchAction","target":{"@type":"EntryPoint","urlTemplate":"https:\/\/stylestore.com\/se\/?s={search_term_string}"},"query-input":{"@type":"PropertyValueSpecification","valueRequired":true,"valueName":"search_term_string"}}],"inLanguage":"sv-SE"},{"@type":"Person","@id":"https:\/\/stylestore.com\/se\/#\/schema\/person\/9aec83ddc7cd53c400634e4dd3660686","name":"elineeggers"}]}},"_links":{"self":[{"href":"https:\/\/stylestore.com\/se\/wp-json\/wp\/v2\/posts\/120488","targetHints":{"allow":["GET"]}}],"collection":[{"href":"https:\/\/stylestore.com\/se\/wp-json\/wp\/v2\/posts"}],"about":[{"href":"https:\/\/stylestore.com\/se\/wp-json\/wp\/v2\/types\/post"}],"author":[{"embeddable":true,"href":"https:\/\/stylestore.com\/se\/wp-json\/wp\/v2\/users\/4116"}],"replies":[{"embeddable":true,"href":"https:\/\/stylestore.com\/se\/wp-json\/wp\/v2\/comments?post=120488"}],"version-history":[{"count":1,"href":"https:\/\/stylestore.com\/se\/wp-json\/wp\/v2\/posts\/120488\/revisions"}],"predecessor-version":[{"id":120490,"href":"https:\/\/stylestore.com\/se\/wp-json\/wp\/v2\/posts\/120488\/revisions\/120490"}],"wp:featuredmedia":[{"embeddable":true,"href":"https:\/\/stylestore.com\/se\/wp-json\/wp\/v2\/media\/120955"}],"wp:attachment":[{"href":"https:\/\/stylestore.com\/se\/wp-json\/wp\/v2\/media?parent=120488"}],"wp:term":[{"taxonomy":"category","embeddable":true,"href":"https:\/\/stylestore.com\/se\/wp-json\/wp\/v2\/categories?post=120488"},{"taxonomy":"post_tag","embeddable":true,"href":"https:\/\/stylestore.com\/se\/wp-json\/wp\/v2\/tags?post=120488"}],"curies":[{"name":"wp","href":"https:\/\/api.w.org\/{rel}","templated":true}]}}