{"id":117515,"date":"2021-06-08T19:51:00","date_gmt":"2021-06-08T17:51:00","guid":{"rendered":"https:\/\/stylestore.com\/se\/?p=117515"},"modified":"2021-07-29T11:26:45","modified_gmt":"2021-07-29T09:26:45","slug":"p-for-poplin","status":"publish","type":"post","link":"https:\/\/stylestore.com\/se\/blog\/p-for-poplin\/","title":{"rendered":"P FOR POPLIN"},"content":{"rendered":"<p><a href=\"https:\/\/stylestore.com\/se\/product\/wblhannah-pop-oversized-shirt-4\/\"><img fetchpriority=\"high\" decoding=\"async\" class=\"alignnone wp-image-452139 size-full\" src=\"https:\/\/stylestore.com\/da\/wp-content\/uploads\/sites\/3\/2021\/06\/Hennestrand_15.jpg\" alt=\"kvinna med vit skjorta\" width=\"2000\" height=\"1333\" \/><\/a><\/p>\n<p class=\"p3\">Den \u00e4r l\u00e4tt, stark och l\u00e4cker och den \u00e4r det som g\u00e4ller i hela staden i sommar. Det \u00e4r naturligtvis poplin vi talar om. Men vad \u00e4r det egentligen? Och varf\u00f6r \u00e4r den s\u00e5 popul\u00e4r? Rulla ned\u00e5t, och g\u00e5 hela v\u00e4gen runt denna speciella v\u00e4v.<\/p>\n<h5 class=\"p3\" style=\"text-align: center;\"><b>WE ? POPLIN<\/b><span class=\"s5\"><b>\u00a0<\/b><\/span><\/h5>\n<ul>\n<li>H\u00e5llbar och stark<\/li>\n<li>Cool, l\u00e4ttviktig<\/li>\n<li>M\u00e5ngsidig<\/li>\n<li>Mjukt att r\u00f6ra vid<\/li>\n<li>Gl\u00e4nsande<\/li>\n<li>Subtil glans<\/li>\n<li>Bekv\u00e4mt<\/li>\n<li>Lockar inte<\/li>\n<li>Fl\u00e4ckar inte l\u00e4tt<\/li>\n<li>Vattenavvisande<\/li>\n<\/ul>\n<h5 class=\"p3\" style=\"text-align: center;\"><b>VERSATILE<\/b><\/h5>\n<p class=\"p3\">Dessa egenskaper g\u00f6r poplin till ett unikt tyg som kan anv\u00e4ndas f\u00f6r alla typer av stilar, fr\u00e5n skjortor och kjolar till byxor och jackor. Den \u00e4r otroligt m\u00e5ngsidig och den subtila glansen ger en touch av lyx, s\u00e5 du hittar plagg som \u00e4r perfekta f\u00f6r b\u00e5de jobb och dejtkv\u00e4llar.<\/p>\n<p><a href=\"https:\/\/stylestore.com\/se\/#overlay-search:0930fecf5f82:shirline::::%7B%22category%22%3A0%7D\"><img decoding=\"async\" class=\"alignnone wp-image-452135 size-full\" src=\"https:\/\/stylestore.com\/da\/wp-content\/uploads\/sites\/3\/2021\/06\/shirt-dress-NEWSLETTER-2stk-skabelon.jpg\" alt=\"poplin skjortkl\u00e4nning\" width=\"2000\" height=\"1489\" \/><\/a><\/p>\n<h5 class=\"p3\" style=\"text-align: center;\"><b>COMFORTABLE<\/b><\/h5>\n<p class=\"p3\">Det \u00e4r ingen \u00f6verraskning att poplin \u00e4r s\u00e5 popul\u00e4rt. \u00c5 ena sidan \u00e4r den stark och otroligt h\u00e5llbar, \u00e5 andra sidan har den en mjuk, gl\u00e4nsande yta. Det \u00e4r i huvudsak ett stabilt, allsidigt tyg som aldrig misslyckas. Den \u00e4r ocks\u00e5 otroligt bekv\u00e4m att b\u00e4ra, s\u00e4rskilt p\u00e5 sommaren n\u00e4r din poplinskjorta \u00e4r gjord f\u00f6r att gunga mjukt i den lavendelf\u00e4rgade Sirocco-brisen.<\/p>\n<p class=\"p3\">L\u00e5t dig inspireras av v\u00e5r Hannah-skjorta, som med sin C\u00f4te d&#8217;Azur-bl\u00e5 marinbl\u00e5\/vita rand ger dig sommarens viktigaste trender (poplin och rand) i ett. Skjortan \u00e4r ocks\u00e5 v\u00e4vd i v\u00e5r mjuka stretchpoplin, vilket g\u00f6r att den \u00e4r 100 % veckfri s\u00e5 att du inte beh\u00f6ver l\u00e4gga tid p\u00e5 strykj\u00e4rnet p\u00e5 morgonen.<\/p>\n<p><a href=\"https:\/\/stylestore.com\/se\/#overlay-search:0930fecf5f82:hannah::::%7B%22category%22%3A0%7D\"><img decoding=\"async\" class=\"alignnone wp-image-452136 size-full\" src=\"https:\/\/stylestore.com\/da\/wp-content\/uploads\/sites\/3\/2021\/06\/hahhans-NEWSLETTER-2stk-skabelon.jpg\" alt=\"kvinna i randig poplin skjorta\" width=\"2000\" height=\"1489\" \/><\/a><\/p>\n<h5 class=\"p3\" style=\"text-align: center;\"><b>SHINE<\/b><\/h5>\n<p class=\"p3\">Poplin k\u00e4nnetecknas av sin karakteristiska ribbade struktur och t\u00e4tt slutna v\u00e4v. Okej, vi vet att det \u00e4r lite n\u00f6rdigt, men det \u00e4r detta som ger tyget den speciella glans som vi alla \u00e4lskar.<\/p>\n<p class=\"p3\">Poplinv\u00e4ven \u00e4r som b\u00e4st n\u00e4r den v\u00e4vs t\u00e4tt och av r\u00e4tt garn, som m\u00e5ste vara kompakt och tillverkat av de b\u00e4sta fibrerna, annars riskerar du att v\u00e4ven k\u00e4nns f\u00f6r slapp.<\/p>\n<p>Traditionellt sett var poplin en canvasv\u00e4v som tillverkades med fina varptr\u00e5dar av silke fyllda med ett tyngre ullgarn. Detta ger tyget dess klassiska ribbade struktur.<\/p>\n<p class=\"p3\"><a href=\"https:\/\/stylestore.com\/se\/product\/wblbrandy-poplin-ss-long-dress\/\"><img loading=\"lazy\" decoding=\"async\" class=\"alignnone wp-image-452144 size-full\" src=\"https:\/\/stylestore.com\/da\/wp-content\/uploads\/sites\/3\/2021\/06\/brandy-NEWSLETTER-2stk-skabelon.jpg\" alt=\"kvinnor i l\u00e5ng kl\u00e4nning\" width=\"2000\" height=\"1489\" \/><\/a><\/p>\n<h5 class=\"p3\" style=\"text-align: center;\"><b>LIGHT &amp; STRONG<\/b><\/h5>\n<p class=\"p3\">I dag tillverkas poplin fr\u00e4mst av 100 % \u00e4kta bomull, vilket g\u00f6r det l\u00e4tt, men tyget \u00e4r fortfarande starkt. Andra varianter tillverkas med ull, silke, satin, rayon eller polyblend, men grundkonceptet \u00e4r detsamma: tv\u00e5 garner av olika tjocklek i en vanlig v\u00e4v. Det \u00e4r d\u00e4rf\u00f6r du alltid f\u00e5r det b\u00e4sta av tv\u00e5 v\u00e4rldar med poplin; ett tunt och svalt tyg med en l\u00e4tt drapering som ocks\u00e5 \u00e4r superstark.<\/p>\n<p><a href=\"https:\/\/stylestore.com\/se\/product\/wblhannah-pop-oversized-shirt-4\/\"><img loading=\"lazy\" decoding=\"async\" class=\"alignnone wp-image-444202 size-full\" src=\"https:\/\/stylestore.com\/da\/wp-content\/uploads\/sites\/3\/2021\/04\/greenedition_5.jpg\" alt=\"kvinna i poplin skjorta\" width=\"1118\" height=\"1398\" \/><\/a><\/p>\n<p>&nbsp;<\/p>\n<h5 class=\"p6\" style=\"text-align: center;\"><b>GREEN EDITION<\/b><\/h5>\n<p class=\"p6\">I v\u00e5ra WithBlack-kollektioner har vi tagit det ett steg l\u00e4ngre. D\u00e4rf\u00f6r erbjuder vi en stor del av v\u00e5ra poplinmodeller i 100 % ekologisk bomull. V\u00e5rt uppdrag \u00e4r att vara mer h\u00e5llbara och samtidigt ge dig en b\u00e4ttre och h\u00e5llbar #betterwardrobe. Det \u00e4r d\u00e4rf\u00f6r vi tror att basplagg av h\u00f6g kvalitet, som v\u00e5ra poplinplagg, \u00e4r l\u00f6sningen. Med en tidl\u00f6s garderob i mer h\u00e5llbara material vet du vad du ska ha p\u00e5 dig idag, imorgon och under m\u00e5nga s\u00e4songer fram\u00f6ver. #betterwardrobe<\/p>\n<p class=\"p3\">Love, StyleStore<\/p>\n","protected":false},"excerpt":{"rendered":"Den \u00e4r l\u00e4tt, stark och l\u00e4cker och den \u00e4r det som g\u00e4ller i hela staden i sommar. Det \u00e4r naturligtvis poplin vi talar om. Men vad \u00e4r det egentligen? Och varf\u00f6r \u00e4r den s\u00e5 popul\u00e4r? Rulla ned\u00e5t, och g\u00e5 hela v\u00e4gen runt denna speciella v\u00e4v.","protected":false},"author":4116,"featured_media":117517,"comment_status":"closed","ping_status":"closed","sticky":false,"template":"","format":"standard","meta":{"_acf_changed":false,"footnotes":""},"categories":[2431,1],"tags":[2543,2356,2542,2540,2541],"class_list":["post-117515","post","type-post","status-publish","format-standard","has-post-thumbnail","hentry","category-blog","category-uncategorized","tag-byxor","tag-jackor","tag-kjolar","tag-poplin","tag-skjortor"],"acf":[],"yoast_head":"<!-- This site is optimized with the Yoast SEO plugin v23.8 - https:\/\/yoast.com\/wordpress\/plugins\/seo\/ -->\n<title>P FOR POPLIN&#187; Stylestore.com Sweden<\/title>\n<meta name=\"description\" content=\"Den \u00e4r l\u00e4tt, stark och l\u00e4cker och den \u00e4r det som g\u00e4ller i hela staden i sommar. Det \u00e4r poplin vi talar om. Men vad \u00e4r det egentligen?\" \/>\n<meta name=\"robots\" content=\"index, follow, max-snippet:-1, max-image-preview:large, max-video-preview:-1\" \/>\n<link rel=\"canonical\" href=\"https:\/\/stylestore.com\/se\/blog\/p-for-poplin\/\" \/>\n<meta property=\"og:locale\" content=\"sv_SE\" \/>\n<meta property=\"og:type\" content=\"article\" \/>\n<meta property=\"og:title\" content=\"P FOR POPLIN&#187; Stylestore.com Sweden\" \/>\n<meta property=\"og:description\" content=\"Den \u00e4r l\u00e4tt, stark och l\u00e4cker och den \u00e4r det som g\u00e4ller i hela staden i sommar. Det \u00e4r poplin vi talar om. Men vad \u00e4r det egentligen?\" \/>\n<meta property=\"og:url\" content=\"https:\/\/stylestore.com\/se\/blog\/p-for-poplin\/\" \/>\n<meta property=\"og:site_name\" content=\"Stylestore.com Sweden\" \/>\n<meta property=\"article:published_time\" content=\"2021-06-08T17:51:00+00:00\" \/>\n<meta property=\"article:modified_time\" content=\"2021-07-29T09:26:45+00:00\" \/>\n<meta property=\"og:image\" content=\"https:\/\/stylestore.com\/se\/wp-content\/uploads\/sites\/5\/2021\/06\/Hennestrand_15.jpg\" \/>\n\t<meta property=\"og:image:width\" content=\"2000\" \/>\n\t<meta property=\"og:image:height\" content=\"1333\" \/>\n\t<meta property=\"og:image:type\" content=\"image\/jpeg\" \/>\n<meta name=\"author\" content=\"elineeggers\" \/>\n<meta name=\"twitter:card\" content=\"summary_large_image\" \/>\n<meta name=\"twitter:label1\" content=\"Skriven av\" \/>\n\t<meta name=\"twitter:data1\" content=\"elineeggers\" \/>\n\t<meta name=\"twitter:label2\" content=\"Ber\u00e4knad l\u00e4stid\" \/>\n\t<meta name=\"twitter:data2\" content=\"4 minuter\" \/>\n<script type=\"application\/ld+json\" class=\"yoast-schema-graph\">{\"@context\":\"https:\/\/schema.org\",\"@graph\":[{\"@type\":\"WebPage\",\"@id\":\"https:\/\/stylestore.com\/se\/blog\/p-for-poplin\/\",\"url\":\"https:\/\/stylestore.com\/se\/blog\/p-for-poplin\/\",\"name\":\"P FOR POPLIN&#187; Stylestore.com Sweden\",\"isPartOf\":{\"@id\":\"https:\/\/stylestore.com\/se\/#website\"},\"primaryImageOfPage\":{\"@id\":\"https:\/\/stylestore.com\/se\/blog\/p-for-poplin\/#primaryimage\"},\"image\":{\"@id\":\"https:\/\/stylestore.com\/se\/blog\/p-for-poplin\/#primaryimage\"},\"thumbnailUrl\":\"https:\/\/stylestore.com\/se\/wp-content\/uploads\/sites\/5\/2021\/06\/Hennestrand_15.jpg\",\"datePublished\":\"2021-06-08T17:51:00+00:00\",\"dateModified\":\"2021-07-29T09:26:45+00:00\",\"author\":{\"@id\":\"https:\/\/stylestore.com\/se\/#\/schema\/person\/9aec83ddc7cd53c400634e4dd3660686\"},\"description\":\"Den \u00e4r l\u00e4tt, stark och l\u00e4cker och den \u00e4r det som g\u00e4ller i hela staden i sommar. Det \u00e4r poplin vi talar om. Men vad \u00e4r det egentligen?\",\"breadcrumb\":{\"@id\":\"https:\/\/stylestore.com\/se\/blog\/p-for-poplin\/#breadcrumb\"},\"inLanguage\":\"sv-SE\",\"potentialAction\":[{\"@type\":\"ReadAction\",\"target\":[\"https:\/\/stylestore.com\/se\/blog\/p-for-poplin\/\"]}]},{\"@type\":\"ImageObject\",\"inLanguage\":\"sv-SE\",\"@id\":\"https:\/\/stylestore.com\/se\/blog\/p-for-poplin\/#primaryimage\",\"url\":\"https:\/\/stylestore.com\/se\/wp-content\/uploads\/sites\/5\/2021\/06\/Hennestrand_15.jpg\",\"contentUrl\":\"https:\/\/stylestore.com\/se\/wp-content\/uploads\/sites\/5\/2021\/06\/Hennestrand_15.jpg\",\"width\":2000,\"height\":1333,\"caption\":\"kvinna med vit skjorta\"},{\"@type\":\"BreadcrumbList\",\"@id\":\"https:\/\/stylestore.com\/se\/blog\/p-for-poplin\/#breadcrumb\",\"itemListElement\":[{\"@type\":\"ListItem\",\"position\":1,\"name\":\"Home\",\"item\":\"https:\/\/stylestore.com\/se\/\"},{\"@type\":\"ListItem\",\"position\":2,\"name\":\"P FOR POPLIN\"}]},{\"@type\":\"WebSite\",\"@id\":\"https:\/\/stylestore.com\/se\/#website\",\"url\":\"https:\/\/stylestore.com\/se\/\",\"name\":\"Stylestore.com Sweden\",\"description\":\"\",\"potentialAction\":[{\"@type\":\"SearchAction\",\"target\":{\"@type\":\"EntryPoint\",\"urlTemplate\":\"https:\/\/stylestore.com\/se\/?s={search_term_string}\"},\"query-input\":{\"@type\":\"PropertyValueSpecification\",\"valueRequired\":true,\"valueName\":\"search_term_string\"}}],\"inLanguage\":\"sv-SE\"},{\"@type\":\"Person\",\"@id\":\"https:\/\/stylestore.com\/se\/#\/schema\/person\/9aec83ddc7cd53c400634e4dd3660686\",\"name\":\"elineeggers\"}]}<\/script>\n<!-- \/ Yoast SEO plugin. -->","yoast_head_json":{"title":"P FOR POPLIN&#187; Stylestore.com Sweden","description":"Den \u00e4r l\u00e4tt, stark och l\u00e4cker och den \u00e4r det som g\u00e4ller i hela staden i sommar. Det \u00e4r poplin vi talar om. Men vad \u00e4r det egentligen?","robots":{"index":"index","follow":"follow","max-snippet":"max-snippet:-1","max-image-preview":"max-image-preview:large","max-video-preview":"max-video-preview:-1"},"canonical":"https:\/\/stylestore.com\/se\/blog\/p-for-poplin\/","og_locale":"sv_SE","og_type":"article","og_title":"P FOR POPLIN&#187; Stylestore.com Sweden","og_description":"Den \u00e4r l\u00e4tt, stark och l\u00e4cker och den \u00e4r det som g\u00e4ller i hela staden i sommar. Det \u00e4r poplin vi talar om. Men vad \u00e4r det egentligen?","og_url":"https:\/\/stylestore.com\/se\/blog\/p-for-poplin\/","og_site_name":"Stylestore.com Sweden","article_published_time":"2021-06-08T17:51:00+00:00","article_modified_time":"2021-07-29T09:26:45+00:00","og_image":[{"width":2000,"height":1333,"url":"https:\/\/stylestore.com\/se\/wp-content\/uploads\/sites\/5\/2021\/06\/Hennestrand_15.jpg","type":"image\/jpeg"}],"author":"elineeggers","twitter_card":"summary_large_image","twitter_misc":{"Skriven av":"elineeggers","Ber\u00e4knad l\u00e4stid":"4 minuter"},"schema":{"@context":"https:\/\/schema.org","@graph":[{"@type":"WebPage","@id":"https:\/\/stylestore.com\/se\/blog\/p-for-poplin\/","url":"https:\/\/stylestore.com\/se\/blog\/p-for-poplin\/","name":"P FOR POPLIN&#187; Stylestore.com Sweden","isPartOf":{"@id":"https:\/\/stylestore.com\/se\/#website"},"primaryImageOfPage":{"@id":"https:\/\/stylestore.com\/se\/blog\/p-for-poplin\/#primaryimage"},"image":{"@id":"https:\/\/stylestore.com\/se\/blog\/p-for-poplin\/#primaryimage"},"thumbnailUrl":"https:\/\/stylestore.com\/se\/wp-content\/uploads\/sites\/5\/2021\/06\/Hennestrand_15.jpg","datePublished":"2021-06-08T17:51:00+00:00","dateModified":"2021-07-29T09:26:45+00:00","author":{"@id":"https:\/\/stylestore.com\/se\/#\/schema\/person\/9aec83ddc7cd53c400634e4dd3660686"},"description":"Den \u00e4r l\u00e4tt, stark och l\u00e4cker och den \u00e4r det som g\u00e4ller i hela staden i sommar. Det \u00e4r poplin vi talar om. Men vad \u00e4r det egentligen?","breadcrumb":{"@id":"https:\/\/stylestore.com\/se\/blog\/p-for-poplin\/#breadcrumb"},"inLanguage":"sv-SE","potentialAction":[{"@type":"ReadAction","target":["https:\/\/stylestore.com\/se\/blog\/p-for-poplin\/"]}]},{"@type":"ImageObject","inLanguage":"sv-SE","@id":"https:\/\/stylestore.com\/se\/blog\/p-for-poplin\/#primaryimage","url":"https:\/\/stylestore.com\/se\/wp-content\/uploads\/sites\/5\/2021\/06\/Hennestrand_15.jpg","contentUrl":"https:\/\/stylestore.com\/se\/wp-content\/uploads\/sites\/5\/2021\/06\/Hennestrand_15.jpg","width":2000,"height":1333,"caption":"kvinna med vit skjorta"},{"@type":"BreadcrumbList","@id":"https:\/\/stylestore.com\/se\/blog\/p-for-poplin\/#breadcrumb","itemListElement":[{"@type":"ListItem","position":1,"name":"Home","item":"https:\/\/stylestore.com\/se\/"},{"@type":"ListItem","position":2,"name":"P FOR POPLIN"}]},{"@type":"WebSite","@id":"https:\/\/stylestore.com\/se\/#website","url":"https:\/\/stylestore.com\/se\/","name":"Stylestore.com Sweden","description":"","potentialAction":[{"@type":"SearchAction","target":{"@type":"EntryPoint","urlTemplate":"https:\/\/stylestore.com\/se\/?s={search_term_string}"},"query-input":{"@type":"PropertyValueSpecification","valueRequired":true,"valueName":"search_term_string"}}],"inLanguage":"sv-SE"},{"@type":"Person","@id":"https:\/\/stylestore.com\/se\/#\/schema\/person\/9aec83ddc7cd53c400634e4dd3660686","name":"elineeggers"}]}},"_links":{"self":[{"href":"https:\/\/stylestore.com\/se\/wp-json\/wp\/v2\/posts\/117515","targetHints":{"allow":["GET"]}}],"collection":[{"href":"https:\/\/stylestore.com\/se\/wp-json\/wp\/v2\/posts"}],"about":[{"href":"https:\/\/stylestore.com\/se\/wp-json\/wp\/v2\/types\/post"}],"author":[{"embeddable":true,"href":"https:\/\/stylestore.com\/se\/wp-json\/wp\/v2\/users\/4116"}],"replies":[{"embeddable":true,"href":"https:\/\/stylestore.com\/se\/wp-json\/wp\/v2\/comments?post=117515"}],"version-history":[{"count":2,"href":"https:\/\/stylestore.com\/se\/wp-json\/wp\/v2\/posts\/117515\/revisions"}],"predecessor-version":[{"id":121155,"href":"https:\/\/stylestore.com\/se\/wp-json\/wp\/v2\/posts\/117515\/revisions\/121155"}],"wp:featuredmedia":[{"embeddable":true,"href":"https:\/\/stylestore.com\/se\/wp-json\/wp\/v2\/media\/117517"}],"wp:attachment":[{"href":"https:\/\/stylestore.com\/se\/wp-json\/wp\/v2\/media?parent=117515"}],"wp:term":[{"taxonomy":"category","embeddable":true,"href":"https:\/\/stylestore.com\/se\/wp-json\/wp\/v2\/categories?post=117515"},{"taxonomy":"post_tag","embeddable":true,"href":"https:\/\/stylestore.com\/se\/wp-json\/wp\/v2\/tags?post=117515"}],"curies":[{"name":"wp","href":"https:\/\/api.w.org\/{rel}","templated":true}]}}