{"id":110380,"date":"2021-04-08T12:45:43","date_gmt":"2021-04-08T10:45:43","guid":{"rendered":"https:\/\/stylestore.com\/se\/?p=110380"},"modified":"2021-06-09T10:45:12","modified_gmt":"2021-06-09T08:45:12","slug":"skandinavisk-look-top-of-the-season","status":"publish","type":"post","link":"https:\/\/stylestore.com\/se\/blog\/skandinavisk-look-top-of-the-season\/","title":{"rendered":"SKANDINAVISK LOOK: TOP OF THE SEASON"},"content":{"rendered":"<p><a href=\"https:\/\/stylestore.com\/se\/shop-the-look\/\"><img fetchpriority=\"high\" decoding=\"async\" class=\"alignnone wp-image-441761 size-full\" title=\"sex skandinaviska looks\" src=\"https:\/\/stylestore.com\/da\/wp-content\/uploads\/sites\/3\/2020\/10\/Untitled-design-Max-Quality-10.jpg\" alt=\"sex olika skandinaviska looks\" width=\"2560\" height=\"1440\" \/><\/a><\/p>\n<p>Det skandinaviska look har djupa r\u00f6tter i det minimalistiska stiluniverset, och det h\u00e4r speciella tidl\u00f6sa tilltalet g\u00e5r aldrig ur modet. Medan den minimalistiska stilen av tystnad tillskrivs oss i Skandinavien, har den less-is-more-metoden nu blivit ett globalt fenomen.<\/p>\n<p>Sk\u00f6nheten i det minimalistiska tillv\u00e4gag\u00e5ngss\u00e4ttet \u00e4r den speciella m\u00e5ngsidigheten och tillg\u00e4ngligheten f\u00f6r m\u00e4nniskor i alla storlekar och \u00e5ldrar. Kl\u00e4derna \u00e4r alltid vackert konstruerade, formen \u00e4r tidl\u00f6s och f\u00e4rgnyanser i svart, vitt, beige och brunt kompletterar varandra och kan b\u00e4ras f\u00f6r alla tillf\u00e4llen.<\/p>\n<p>V\u00e5r exklusiva SCANDINAVIAN WARDROBE CAPSULE har allt fr\u00e5n traditionell ullrock, den underbara skr\u00e4ddarsydda kavaj och l\u00e4derbyxor till t-shirts, jeans och jeansjackor. Alla f\u00f6rem\u00e5l som l\u00e4tt passar din personliga stil.<\/p>\n<p>Rulla ner och hitta din nya outfit idag.<\/p>\n<p><a href=\"https:\/\/stylestore.com\/se\/shop-the-look\/scandinavian-wardrobe-1\/\"><img decoding=\"async\" class=\"alignnone wp-image-441748 size-full\" title=\"Skandinaviskt look med ullrock, kashmirtr\u00f6ja och jeans\" src=\"https:\/\/stylestore.com\/da\/wp-content\/uploads\/sites\/3\/2021\/03\/Scandinavian-wardrobe-1.jpg\" alt=\"Modell som b\u00e4r ullrock, kashmirtr\u00f6ja och jeans\" width=\"1200\" height=\"1200\" \/><\/a><\/p>\n<h5>The Lunch Date<\/h5>\n<p>Denna l\u00e4ckra, vita kashmirtr\u00f6ja blandad med bl\u00e5 jeansjeans och ullrock med handsyda s\u00f6mmar ger dig den perfekta f\u00e4rgpalett f\u00f6r ett superkomfort och modernt look. Ju mer du spelar med att styla dessa jeans, desto mer kommer du att \u00e4lska dem. Det \u00e4r f\u00f6rv\u00e5nande hur m\u00e5ngsidiga de \u00e4r. F\u00e4rgen fungerar med b\u00e5de svala och varma toner, och passformen \u00e4r helt perfekt.<\/p>\n<p>&nbsp;<\/p>\n<p>&nbsp;<\/p>\n<p>&nbsp;<\/p>\n<p><strong><a href=\"https:\/\/stylestore.com\/se\/shop-the-look\/scandinavian-wardrobe-2\/\"><img decoding=\"async\" class=\"alignnone wp-image-441749 size-full\" title=\"Skandinaviskt look med cowboyjacka, vit t-shirt och l\u00e4derbyxor\" src=\"https:\/\/stylestore.com\/da\/wp-content\/uploads\/sites\/3\/2021\/03\/Scandinavian-wardrobe-2.jpg\" alt=\"Modell som b\u00e4r jeansjacka, vit t-shirt och l\u00e4derbyxor\" width=\"1200\" height=\"1200\" \/><\/a><br \/>\n<\/strong><\/p>\n<h5>The Appointment<\/h5>\n<p>Denna outfit \u00e4r en av v\u00e5ra favoritstilar fr\u00e5n hela tiden och passar perfekt med trenden stay home-stay-stylish. Vi har klassificerat det som en trippel &#8220;C&#8221; -kombination &#8211; cool, comfy och classy! Joggarna ger ett ultral\u00e4tt och komplext look, och tillsammans med den vita t-skjortan och en cool jeansjacka garanteras du l\u00e4ckra kvaliteter och bra stil.<\/p>\n<p>&nbsp;<\/p>\n<p>&nbsp;<\/p>\n<p><a href=\"https:\/\/stylestore.com\/da\/shop-the-look\/scandinavian-wardrobe-3\/\"><img loading=\"lazy\" decoding=\"async\" class=\"alignnone wp-image-441750 size-full\" title=\"skandinavisk look med lyse bukser, deminjakke og skjorte\" src=\"https:\/\/stylestore.com\/da\/wp-content\/uploads\/sites\/3\/2021\/03\/Scandinavian-wardrobe-3.jpg\" alt=\"Model if\u00f8rt lyse bukser, denimjakke med bindeb\u00e5nd og en hvid skjorte\" width=\"1200\" height=\"1200\" \/><\/a><\/p>\n<h5>The School Run<\/h5>\n<p>En crisp vit skjorta \u00e4r ett superviktigt objekt i varje kvinnas garderob. Det \u00e4r den h\u00e4r typ av fashion staples som ser lika bra ut med din arbetsdr\u00e4kt som den g\u00f6r under dina helgens jeans. F\u00f6r ett coolt lager-p\u00e5-lager-utseende har vi kombinerat det med denimjackan och de skr\u00e4ddarsydda byxorna.<\/p>\n<p>&nbsp;<\/p>\n<p>&nbsp;<\/p>\n<p><a href=\"https:\/\/stylestore.com\/da\/shop-the-look\/scandinavian-wardrobe-4\/\"><img loading=\"lazy\" decoding=\"async\" class=\"alignnone wp-image-441751 size-full\" title=\"skandinavisk look med blazer, t-shirt og skindbukser\" src=\"https:\/\/stylestore.com\/da\/wp-content\/uploads\/sites\/3\/2021\/03\/Scandinavian-Wardrobe-4.jpg\" alt=\"Model med blazer, t-shirt og skindbukser\" width=\"1200\" height=\"1200\" \/><\/a><\/p>\n<h5>The Zoom Call<\/h5>\n<p>En mysig och bekv\u00e4m outfit med en f\u00e4rgpalett och kvaliteter som ger dig en extremt cool och kantig look. Den l\u00f6sa passformen g\u00f6r l\u00e4derbyxorna enkla att forma med det mesta av dina garderobsprodukter, och kavajen \u00e4r en s\u00e5 viktig vardagsartikel att du borde ha minst en i din garderob. Med denna outfit uppn\u00e5r du b\u00e5de ett m\u00e5ngsidigt och super elegant look som g\u00f6r den idealisk f\u00f6r hemmakl\u00e4der och g\u00e5 ut (n\u00e4r det blir m\u00f6jligt igen).<\/p>\n<p>&nbsp;<\/p>\n<p>&nbsp;<\/p>\n<p><a href=\"https:\/\/stylestore.com\/se\/shop-the-look\/scandinavian-wardrobe-5\/\"><img loading=\"lazy\" decoding=\"async\" class=\"alignnone wp-image-441752 size-full\" title=\"Skandinaviskt look med kl\u00e4nning\" src=\"https:\/\/stylestore.com\/da\/wp-content\/uploads\/sites\/3\/2021\/03\/Scandinavian-wardrobe-5.jpg\" alt=\"Modell b\u00e4r kl\u00e4nning\" width=\"1200\" height=\"1200\" \/><\/a><\/p>\n<h5>The Going Out<\/h5>\n<p>En svart kl\u00e4nning som denna f\u00e5r du inte missa, och h\u00e4r \u00e4r anledningarna till att:<\/p>\n<ul>\n<li>Designen \u00e4r str\u00f6mlinjeformad och minimal s\u00e5 att du kan anv\u00e4nda den s\u00e4song efter s\u00e4song.<\/li>\n<li>Den exklusiva viskosblandningen best\u00e5r av 50% ECOVERO-fibrer och 50% konventionell viskos, vilket g\u00f6r denna kl\u00e4nning till en perfekt och mer h\u00e5llbar till\u00e4gg till din garderob.<\/li>\n<li>L\u00e4ngden \u00e4r super m\u00e5ngsidig och l\u00e4mplig f\u00f6r b\u00e5de arbets- och middagsdatum.<\/li>\n<li>Kl\u00e4nningen \u00e4r super f\u00f6rl\u00e5tande n\u00e4r det g\u00e4ller passform. Den rymmer alla typer av sv\u00e4ngningar.<\/li>\n<\/ul>\n<p>&nbsp;<\/p>\n<p><a href=\"https:\/\/stylestore.com\/da\/shop-the-look\/scandinavian-wardrobe-6\/\"><img loading=\"lazy\" decoding=\"async\" class=\"alignnone wp-image-441753 size-full\" title=\"Skandinavisk look med strik og jeans\" src=\"https:\/\/stylestore.com\/da\/wp-content\/uploads\/sites\/3\/2021\/03\/Scandinavian-wardrobe-6.jpg\" alt=\"Model i strik og jeans\" width=\"1200\" height=\"1200\" \/><\/a><\/p>\n<h5>The Running Errands<\/h5>\n<p>Det \u00e4r den typen av mohairullstr\u00f6ja som bara blir mjukare med tiden. Denna underbara, bl\u00e5 tr\u00f6ja ger dig exakt den supermysiga atmosf\u00e4ren du kan hoppas p\u00e5. Det finns n\u00e5got med nyanser av bl\u00e5tt i olika strukturer som bara alltid fungerar. De bl\u00e5 jeansen ger lite frisk energi, och str\u00f6mlinjeformade svarta tillbeh\u00f6r kommer definitivt att f\u00f6rankra paletten. Prova det skandinaviska look!<\/p>\n<p><a href=\"https:\/\/www.bloglovin.com\/@stylestorecom\"><img loading=\"lazy\" decoding=\"async\" class=\"alignnone wp-image-105537 size-full\" src=\"https:\/\/stylestore.com\/se\/wp-content\/uploads\/sites\/5\/2021\/03\/BLOGLOVIN-SVENSK-Max-Quality-1.jpg\" alt=\"\" width=\"1320\" height=\"772\" srcset=\"https:\/\/stylestore.com\/se\/wp-content\/uploads\/sites\/5\/2021\/03\/BLOGLOVIN-SVENSK-Max-Quality-1.jpg 1320w, https:\/\/stylestore.com\/se\/wp-content\/uploads\/sites\/5\/2021\/03\/BLOGLOVIN-SVENSK-Max-Quality-1-300x175.jpg 300w, https:\/\/stylestore.com\/se\/wp-content\/uploads\/sites\/5\/2021\/03\/BLOGLOVIN-SVENSK-Max-Quality-1-681x398.jpg 681w, https:\/\/stylestore.com\/se\/wp-content\/uploads\/sites\/5\/2021\/03\/BLOGLOVIN-SVENSK-Max-Quality-1-602x352.jpg 602w\" sizes=\"(max-width: 1320px) 100vw, 1320px\" \/><\/a><\/p>\n<p><a class=\"blsdk-follow\" href=\"https:\/\/www.bloglovin.com\/blogs\/stylestorecom-20693121\" target=\"_blank\" rel=\"noopener noreferrer\">Follow us on Bloglovin&#8217;<\/a><script>(function(d, s, id) {var js, fjs = d.getElementsByTagName(s)[0];if (d.getElementById(id)) return;js = d.createElement(s);js.id = id;js.src = \"https:\/\/www.bloglovin.com\/widget\/js\/loader.js?v=1\";fjs.parentNode.insertBefore(js, fjs);}(document, \"script\", \"bloglovin-sdk\"))<\/script><\/p>\n","protected":false},"excerpt":{"rendered":"Det skandinaviska look har djupa r\u00f6tter i det minimalistiska stil universet. Medan den minimalistiska stilen tillskrivs oss i Skandinavien, har den less-is-more-metoden nu blivit ett globalt fenomen. Vi har samlat sex l\u00e4ckra outfits.","protected":false},"author":4116,"featured_media":117524,"comment_status":"closed","ping_status":"closed","sticky":false,"template":"","format":"standard","meta":{"_acf_changed":false,"footnotes":""},"categories":[2431],"tags":[2503,2418,2496,2501,2500,2493,2383,2494,2497,2498,2499,2502,2495,2385],"class_list":["post-110380","post","type-post","status-publish","format-standard","has-post-thumbnail","hentry","category-blog","tag-ecovero","tag-jeans","tag-jeansjackor","tag-joggarna","tag-kashmirtroja","tag-kavaj","tag-klanning","tag-laderbyxor","tag-minimalistiska","tag-skandinavien","tag-skandinaviska-look","tag-skjorta","tag-t-shirts","tag-ullrock"],"acf":[],"yoast_head":"<!-- This site is optimized with the Yoast SEO plugin v23.8 - https:\/\/yoast.com\/wordpress\/plugins\/seo\/ -->\n<title>SKANDINAVISK LOOK: TOP OF THE SEASON&#187; Stylestore.com Sweden<\/title>\n<meta name=\"description\" content=\"F\u00e5 det skandinaviska look. Prova den underbara ullrock, blazer- och l\u00e4derbyxor eller kanske t-shirts, jeans och en jeansjacka.\" \/>\n<meta name=\"robots\" content=\"index, follow, max-snippet:-1, max-image-preview:large, max-video-preview:-1\" \/>\n<link rel=\"canonical\" href=\"https:\/\/stylestore.com\/se\/blog\/skandinavisk-look-top-of-the-season\/\" \/>\n<meta property=\"og:locale\" content=\"sv_SE\" \/>\n<meta property=\"og:type\" content=\"article\" \/>\n<meta property=\"og:title\" content=\"SKANDINAVISK LOOK: TOP OF THE SEASON&#187; Stylestore.com Sweden\" \/>\n<meta property=\"og:description\" content=\"F\u00e5 det skandinaviska look. Prova den underbara ullrock, blazer- och l\u00e4derbyxor eller kanske t-shirts, jeans och en jeansjacka.\" \/>\n<meta property=\"og:url\" content=\"https:\/\/stylestore.com\/se\/blog\/skandinavisk-look-top-of-the-season\/\" \/>\n<meta property=\"og:site_name\" content=\"Stylestore.com Sweden\" \/>\n<meta property=\"article:published_time\" content=\"2021-04-08T10:45:43+00:00\" \/>\n<meta property=\"article:modified_time\" content=\"2021-06-09T08:45:12+00:00\" \/>\n<meta property=\"og:image\" content=\"https:\/\/stylestore.com\/se\/wp-content\/uploads\/sites\/5\/2021\/04\/Scandinavian-wardrobe-1.jpg\" \/>\n\t<meta property=\"og:image:width\" content=\"2000\" \/>\n\t<meta property=\"og:image:height\" content=\"2000\" \/>\n\t<meta property=\"og:image:type\" content=\"image\/jpeg\" \/>\n<meta name=\"author\" content=\"elineeggers\" \/>\n<meta name=\"twitter:card\" content=\"summary_large_image\" \/>\n<meta name=\"twitter:label1\" content=\"Skriven av\" \/>\n\t<meta name=\"twitter:data1\" content=\"elineeggers\" \/>\n\t<meta name=\"twitter:label2\" content=\"Ber\u00e4knad l\u00e4stid\" \/>\n\t<meta name=\"twitter:data2\" content=\"4 minuter\" \/>\n<script type=\"application\/ld+json\" class=\"yoast-schema-graph\">{\"@context\":\"https:\/\/schema.org\",\"@graph\":[{\"@type\":\"WebPage\",\"@id\":\"https:\/\/stylestore.com\/se\/blog\/skandinavisk-look-top-of-the-season\/\",\"url\":\"https:\/\/stylestore.com\/se\/blog\/skandinavisk-look-top-of-the-season\/\",\"name\":\"SKANDINAVISK LOOK: TOP OF THE SEASON&#187; Stylestore.com Sweden\",\"isPartOf\":{\"@id\":\"https:\/\/stylestore.com\/se\/#website\"},\"primaryImageOfPage\":{\"@id\":\"https:\/\/stylestore.com\/se\/blog\/skandinavisk-look-top-of-the-season\/#primaryimage\"},\"image\":{\"@id\":\"https:\/\/stylestore.com\/se\/blog\/skandinavisk-look-top-of-the-season\/#primaryimage\"},\"thumbnailUrl\":\"https:\/\/stylestore.com\/se\/wp-content\/uploads\/sites\/5\/2021\/04\/Scandinavian-wardrobe-1.jpg\",\"datePublished\":\"2021-04-08T10:45:43+00:00\",\"dateModified\":\"2021-06-09T08:45:12+00:00\",\"author\":{\"@id\":\"https:\/\/stylestore.com\/se\/#\/schema\/person\/9aec83ddc7cd53c400634e4dd3660686\"},\"description\":\"F\u00e5 det skandinaviska look. Prova den underbara ullrock, blazer- och l\u00e4derbyxor eller kanske t-shirts, jeans och en jeansjacka.\",\"breadcrumb\":{\"@id\":\"https:\/\/stylestore.com\/se\/blog\/skandinavisk-look-top-of-the-season\/#breadcrumb\"},\"inLanguage\":\"sv-SE\",\"potentialAction\":[{\"@type\":\"ReadAction\",\"target\":[\"https:\/\/stylestore.com\/se\/blog\/skandinavisk-look-top-of-the-season\/\"]}]},{\"@type\":\"ImageObject\",\"inLanguage\":\"sv-SE\",\"@id\":\"https:\/\/stylestore.com\/se\/blog\/skandinavisk-look-top-of-the-season\/#primaryimage\",\"url\":\"https:\/\/stylestore.com\/se\/wp-content\/uploads\/sites\/5\/2021\/04\/Scandinavian-wardrobe-1.jpg\",\"contentUrl\":\"https:\/\/stylestore.com\/se\/wp-content\/uploads\/sites\/5\/2021\/04\/Scandinavian-wardrobe-1.jpg\",\"width\":2000,\"height\":2000},{\"@type\":\"BreadcrumbList\",\"@id\":\"https:\/\/stylestore.com\/se\/blog\/skandinavisk-look-top-of-the-season\/#breadcrumb\",\"itemListElement\":[{\"@type\":\"ListItem\",\"position\":1,\"name\":\"Home\",\"item\":\"https:\/\/stylestore.com\/se\/\"},{\"@type\":\"ListItem\",\"position\":2,\"name\":\"SKANDINAVISK LOOK: TOP OF THE SEASON\"}]},{\"@type\":\"WebSite\",\"@id\":\"https:\/\/stylestore.com\/se\/#website\",\"url\":\"https:\/\/stylestore.com\/se\/\",\"name\":\"Stylestore.com Sweden\",\"description\":\"\",\"potentialAction\":[{\"@type\":\"SearchAction\",\"target\":{\"@type\":\"EntryPoint\",\"urlTemplate\":\"https:\/\/stylestore.com\/se\/?s={search_term_string}\"},\"query-input\":{\"@type\":\"PropertyValueSpecification\",\"valueRequired\":true,\"valueName\":\"search_term_string\"}}],\"inLanguage\":\"sv-SE\"},{\"@type\":\"Person\",\"@id\":\"https:\/\/stylestore.com\/se\/#\/schema\/person\/9aec83ddc7cd53c400634e4dd3660686\",\"name\":\"elineeggers\"}]}<\/script>\n<!-- \/ Yoast SEO plugin. -->","yoast_head_json":{"title":"SKANDINAVISK LOOK: TOP OF THE SEASON&#187; Stylestore.com Sweden","description":"F\u00e5 det skandinaviska look. Prova den underbara ullrock, blazer- och l\u00e4derbyxor eller kanske t-shirts, jeans och en jeansjacka.","robots":{"index":"index","follow":"follow","max-snippet":"max-snippet:-1","max-image-preview":"max-image-preview:large","max-video-preview":"max-video-preview:-1"},"canonical":"https:\/\/stylestore.com\/se\/blog\/skandinavisk-look-top-of-the-season\/","og_locale":"sv_SE","og_type":"article","og_title":"SKANDINAVISK LOOK: TOP OF THE SEASON&#187; Stylestore.com Sweden","og_description":"F\u00e5 det skandinaviska look. Prova den underbara ullrock, blazer- och l\u00e4derbyxor eller kanske t-shirts, jeans och en jeansjacka.","og_url":"https:\/\/stylestore.com\/se\/blog\/skandinavisk-look-top-of-the-season\/","og_site_name":"Stylestore.com Sweden","article_published_time":"2021-04-08T10:45:43+00:00","article_modified_time":"2021-06-09T08:45:12+00:00","og_image":[{"width":2000,"height":2000,"url":"https:\/\/stylestore.com\/se\/wp-content\/uploads\/sites\/5\/2021\/04\/Scandinavian-wardrobe-1.jpg","type":"image\/jpeg"}],"author":"elineeggers","twitter_card":"summary_large_image","twitter_misc":{"Skriven av":"elineeggers","Ber\u00e4knad l\u00e4stid":"4 minuter"},"schema":{"@context":"https:\/\/schema.org","@graph":[{"@type":"WebPage","@id":"https:\/\/stylestore.com\/se\/blog\/skandinavisk-look-top-of-the-season\/","url":"https:\/\/stylestore.com\/se\/blog\/skandinavisk-look-top-of-the-season\/","name":"SKANDINAVISK LOOK: TOP OF THE SEASON&#187; Stylestore.com Sweden","isPartOf":{"@id":"https:\/\/stylestore.com\/se\/#website"},"primaryImageOfPage":{"@id":"https:\/\/stylestore.com\/se\/blog\/skandinavisk-look-top-of-the-season\/#primaryimage"},"image":{"@id":"https:\/\/stylestore.com\/se\/blog\/skandinavisk-look-top-of-the-season\/#primaryimage"},"thumbnailUrl":"https:\/\/stylestore.com\/se\/wp-content\/uploads\/sites\/5\/2021\/04\/Scandinavian-wardrobe-1.jpg","datePublished":"2021-04-08T10:45:43+00:00","dateModified":"2021-06-09T08:45:12+00:00","author":{"@id":"https:\/\/stylestore.com\/se\/#\/schema\/person\/9aec83ddc7cd53c400634e4dd3660686"},"description":"F\u00e5 det skandinaviska look. Prova den underbara ullrock, blazer- och l\u00e4derbyxor eller kanske t-shirts, jeans och en jeansjacka.","breadcrumb":{"@id":"https:\/\/stylestore.com\/se\/blog\/skandinavisk-look-top-of-the-season\/#breadcrumb"},"inLanguage":"sv-SE","potentialAction":[{"@type":"ReadAction","target":["https:\/\/stylestore.com\/se\/blog\/skandinavisk-look-top-of-the-season\/"]}]},{"@type":"ImageObject","inLanguage":"sv-SE","@id":"https:\/\/stylestore.com\/se\/blog\/skandinavisk-look-top-of-the-season\/#primaryimage","url":"https:\/\/stylestore.com\/se\/wp-content\/uploads\/sites\/5\/2021\/04\/Scandinavian-wardrobe-1.jpg","contentUrl":"https:\/\/stylestore.com\/se\/wp-content\/uploads\/sites\/5\/2021\/04\/Scandinavian-wardrobe-1.jpg","width":2000,"height":2000},{"@type":"BreadcrumbList","@id":"https:\/\/stylestore.com\/se\/blog\/skandinavisk-look-top-of-the-season\/#breadcrumb","itemListElement":[{"@type":"ListItem","position":1,"name":"Home","item":"https:\/\/stylestore.com\/se\/"},{"@type":"ListItem","position":2,"name":"SKANDINAVISK LOOK: TOP OF THE SEASON"}]},{"@type":"WebSite","@id":"https:\/\/stylestore.com\/se\/#website","url":"https:\/\/stylestore.com\/se\/","name":"Stylestore.com Sweden","description":"","potentialAction":[{"@type":"SearchAction","target":{"@type":"EntryPoint","urlTemplate":"https:\/\/stylestore.com\/se\/?s={search_term_string}"},"query-input":{"@type":"PropertyValueSpecification","valueRequired":true,"valueName":"search_term_string"}}],"inLanguage":"sv-SE"},{"@type":"Person","@id":"https:\/\/stylestore.com\/se\/#\/schema\/person\/9aec83ddc7cd53c400634e4dd3660686","name":"elineeggers"}]}},"_links":{"self":[{"href":"https:\/\/stylestore.com\/se\/wp-json\/wp\/v2\/posts\/110380","targetHints":{"allow":["GET"]}}],"collection":[{"href":"https:\/\/stylestore.com\/se\/wp-json\/wp\/v2\/posts"}],"about":[{"href":"https:\/\/stylestore.com\/se\/wp-json\/wp\/v2\/types\/post"}],"author":[{"embeddable":true,"href":"https:\/\/stylestore.com\/se\/wp-json\/wp\/v2\/users\/4116"}],"replies":[{"embeddable":true,"href":"https:\/\/stylestore.com\/se\/wp-json\/wp\/v2\/comments?post=110380"}],"version-history":[{"count":4,"href":"https:\/\/stylestore.com\/se\/wp-json\/wp\/v2\/posts\/110380\/revisions"}],"predecessor-version":[{"id":110721,"href":"https:\/\/stylestore.com\/se\/wp-json\/wp\/v2\/posts\/110380\/revisions\/110721"}],"wp:featuredmedia":[{"embeddable":true,"href":"https:\/\/stylestore.com\/se\/wp-json\/wp\/v2\/media\/117524"}],"wp:attachment":[{"href":"https:\/\/stylestore.com\/se\/wp-json\/wp\/v2\/media?parent=110380"}],"wp:term":[{"taxonomy":"category","embeddable":true,"href":"https:\/\/stylestore.com\/se\/wp-json\/wp\/v2\/categories?post=110380"},{"taxonomy":"post_tag","embeddable":true,"href":"https:\/\/stylestore.com\/se\/wp-json\/wp\/v2\/tags?post=110380"}],"curies":[{"name":"wp","href":"https:\/\/api.w.org\/{rel}","templated":true}]}}