{"id":105525,"date":"2021-03-04T15:21:04","date_gmt":"2021-03-04T14:21:04","guid":{"rendered":"https:\/\/stylestore.com\/se\/?p=105525"},"modified":"2021-03-18T12:53:10","modified_gmt":"2021-03-18T11:53:10","slug":"transition-hero-icons","status":"publish","type":"post","link":"https:\/\/stylestore.com\/se\/blog\/transition-hero-icons\/","title":{"rendered":"TRANSITION HERO ICONS"},"content":{"rendered":"<h5><a href=\"https:\/\/stylestore.com\/se\/transition-outerwear\/\"><img fetchpriority=\"high\" decoding=\"async\" class=\"alignnone size-full wp-image-105535\" src=\"https:\/\/stylestore.com\/se\/wp-content\/uploads\/sites\/5\/2021\/03\/Grid-til-blog-1-scaled.jpg\" alt=\"\" width=\"2304\" height=\"2560\" srcset=\"https:\/\/stylestore.com\/se\/wp-content\/uploads\/sites\/5\/2021\/03\/Grid-til-blog-1-scaled.jpg 2304w, https:\/\/stylestore.com\/se\/wp-content\/uploads\/sites\/5\/2021\/03\/Grid-til-blog-1-270x300.jpg 270w, https:\/\/stylestore.com\/se\/wp-content\/uploads\/sites\/5\/2021\/03\/Grid-til-blog-1-681x757.jpg 681w, https:\/\/stylestore.com\/se\/wp-content\/uploads\/sites\/5\/2021\/03\/Grid-til-blog-1-1383x1536.jpg 1383w, https:\/\/stylestore.com\/se\/wp-content\/uploads\/sites\/5\/2021\/03\/Grid-til-blog-1-1843x2048.jpg 1843w, https:\/\/stylestore.com\/se\/wp-content\/uploads\/sites\/5\/2021\/03\/Grid-til-blog-1-602x669.jpg 602w\" sizes=\"(max-width: 2304px) 100vw, 2304px\" \/><\/a><\/h5>\n<h5>V\u00e5ren \u00e4r p\u00e5 v\u00e4g och det \u00e4r dags att packa bort vinterrock. S\u00e4songens quiltade, trench, ullrockar och l\u00e4derjackor finns i m\u00e5nga varianter och de \u00e4r perfekta \u00f6verg\u00e5ngsjackor f\u00f6r alla smaker.<\/h5>\n<p>Vi kan inte komma runt det! Spring has sprung! Och lyckligtvis betyder det att v\u00e5rgarderoben m\u00e5ste presenteras, polerad och b\u00e4st av allt: F\u00f6rnyad!<\/p>\n<p>Det f\u00f6rsta du b\u00f6r investera i \u00e4r en bra \u00f6verg\u00e5ngsjacka, som kan h\u00e5lla dig varm och elegant under de svala dagarna tills v\u00e4rmen verkligen s\u00e4tter in. \u00d6verg\u00e5ngsjackan har f\u00f6rdelen att den inte beh\u00f6ver ha ett tjockt foder som vinterjackan, och d\u00e4rf\u00f6r \u00e4r det l\u00e4ttare att style.<\/p>\n<p>G\u00e5 all in under \u00f6verg\u00e5ngsperioden med ett coolt lager-p\u00e5-lager-utseende och bygg \u00f6verg\u00e5ngsgarderoben med lager. V\u00e5rt kapphj\u00e4rta sl\u00e5r f\u00f6r de l\u00e4ckra materialen, designens enkelhet och funktionaliteten som k\u00e4nnetecknar den skandinaviska stilen och alla v\u00e5ra produkter. De \u00e4r alla designade baserat p\u00e5 denna filosofi genom kvaliteterna och de \u00e4rliga, transparenta priserna &#8211; d\u00e4rf\u00f6r kan du enkelt k\u00f6pa 2 stycken.<\/p>\n<p>Det f\u00f6rsta intrycket av dina ytterkl\u00e4der signalerar omedelbart n\u00e5got om dig. Med \u00f6verg\u00e5ngskl\u00e4der; rockar, kavajer, jackor, stickade kl\u00e4der och huvtr\u00f6jor, till exempel, kan du utforska den globala tv\u00e5 milstrenden som uttrycks i skandinavisk enkelhet.<\/p>\n<p>S\u00e4songen erbjuder ytterkl\u00e4der fr\u00e5n ett minimalistiskt, modernt utseende med skarp skr\u00e4ddarsy \u00f6ver de klassiska stilarna till l\u00e4ckra v\u00e4star i olika kvaliteter.<\/p>\n<p>Men det kan vara sv\u00e5rt att hitta den perfekta v\u00e5rjackan, och det \u00e4r d\u00e4rf\u00f6r vi har samlat m\u00e5nga fina jackor till v\u00e5ren. Oavsett om du v\u00e4ljer den klassiska trenchcoaten, en elegant v\u00e4st med \u00e4kta dunfyllning eller det mer minimalistiska utseendet, har vi hittat bra erbjudanden f\u00f6r \u00f6verg\u00e5ngsjackor och rockar som speglar mode.<\/p>\n<p>Du f\u00e5r en m\u00e4ngd funktioner som ger ett starkt utseende, mer coola funktioner och superl\u00e4tta och bekv\u00e4ma ytterkl\u00e4desikoner. Vi har jackor med \u00e4kta dun, rockar av handsydd ull och vackra quiltade jackor, som ger dig v\u00e4rme, ultral\u00e4tthet och en l\u00e5ng h\u00e5llbarhet som spricker alla \u00e5rstider. Kort sagt f\u00e5r du en # BetterWardrobe<\/p>\n<p><a href=\"https:\/\/stylestore.com\/se\/product\/wblnoise-trench-coat\/\"><img decoding=\"async\" class=\"alignnone wp-image-105527 size-full\" src=\"https:\/\/stylestore.com\/se\/wp-content\/uploads\/sites\/5\/2021\/03\/Grid-til-blog-14-scaled.jpg\" alt=\"\" width=\"2560\" height=\"1280\" srcset=\"https:\/\/stylestore.com\/se\/wp-content\/uploads\/sites\/5\/2021\/03\/Grid-til-blog-14-scaled.jpg 2560w, https:\/\/stylestore.com\/se\/wp-content\/uploads\/sites\/5\/2021\/03\/Grid-til-blog-14-300x150.jpg 300w, https:\/\/stylestore.com\/se\/wp-content\/uploads\/sites\/5\/2021\/03\/Grid-til-blog-14-681x341.jpg 681w, https:\/\/stylestore.com\/se\/wp-content\/uploads\/sites\/5\/2021\/03\/Grid-til-blog-14-1536x768.jpg 1536w, https:\/\/stylestore.com\/se\/wp-content\/uploads\/sites\/5\/2021\/03\/Grid-til-blog-14-2048x1024.jpg 2048w, https:\/\/stylestore.com\/se\/wp-content\/uploads\/sites\/5\/2021\/03\/Grid-til-blog-14-602x301.jpg 602w\" sizes=\"(max-width: 2560px) 100vw, 2560px\" \/><\/a><\/p>\n<p><strong>TRENCH<\/strong><br \/>\nTrenchcoaten \u00e4r en riktig garderobsklassiker som alla borde ha i sin jackakollektion &#8211; s\u00e5 om du \u00e4nnu inte har tagit en \u00e4r det dags att sl\u00e5 till. P\u00e4lsen \u00e4r en tidl\u00f6s artikel som du kan anv\u00e4nda s\u00e4song efter s\u00e4song b\u00e5de till v\u00e5ren eller senare som en h\u00f6stjacka.<\/p>\n<p><a href=\"https:\/\/stylestore.com\/se\/product\/wblruby-blazer-new-wales-check\/\"><img decoding=\"async\" class=\"alignnone wp-image-105528 size-full\" src=\"https:\/\/stylestore.com\/se\/wp-content\/uploads\/sites\/5\/2021\/03\/Grid-til-blog-2-scaled.jpg\" alt=\"\" width=\"2560\" height=\"1280\" srcset=\"https:\/\/stylestore.com\/se\/wp-content\/uploads\/sites\/5\/2021\/03\/Grid-til-blog-2-scaled.jpg 2560w, https:\/\/stylestore.com\/se\/wp-content\/uploads\/sites\/5\/2021\/03\/Grid-til-blog-2-300x150.jpg 300w, https:\/\/stylestore.com\/se\/wp-content\/uploads\/sites\/5\/2021\/03\/Grid-til-blog-2-681x341.jpg 681w, https:\/\/stylestore.com\/se\/wp-content\/uploads\/sites\/5\/2021\/03\/Grid-til-blog-2-1536x768.jpg 1536w, https:\/\/stylestore.com\/se\/wp-content\/uploads\/sites\/5\/2021\/03\/Grid-til-blog-2-2048x1024.jpg 2048w, https:\/\/stylestore.com\/se\/wp-content\/uploads\/sites\/5\/2021\/03\/Grid-til-blog-2-602x301.jpg 602w\" sizes=\"(max-width: 2560px) 100vw, 2560px\" \/><\/a><\/p>\n<p><strong>BLAZER<\/strong><br \/>\nMed en kavaj kan du uppn\u00e5 ett klassiskt och sofistikerat utseende. En blazer, oavsett om den \u00e4r \u00f6verdimensionerad eller skr\u00e4ddarsydd, den \u00e4r en s\u00e4ker vinnare och hos oss hittar du den i vackra, minimalistiska f\u00e4rger. Blazer \u00e4r ett fantastiskt lager som alltid f\u00e5r dig att se b\u00e5de elegant och snygg ut och om du stylar den med ditt tr\u00f6ja blir du omedelbart en del av den tv\u00e5 mil l\u00e5nga trenden.<\/p>\n<p><a href=\"https:\/\/stylestore.com\/se\/product\/wblcarla-tailored-wool-coat\/\"><img loading=\"lazy\" decoding=\"async\" class=\"alignnone wp-image-105529 size-full\" src=\"https:\/\/stylestore.com\/se\/wp-content\/uploads\/sites\/5\/2021\/03\/BeFunky-collage-4-scaled.jpg\" alt=\"\" width=\"2560\" height=\"1280\" srcset=\"https:\/\/stylestore.com\/se\/wp-content\/uploads\/sites\/5\/2021\/03\/BeFunky-collage-4-scaled.jpg 2560w, https:\/\/stylestore.com\/se\/wp-content\/uploads\/sites\/5\/2021\/03\/BeFunky-collage-4-300x150.jpg 300w, https:\/\/stylestore.com\/se\/wp-content\/uploads\/sites\/5\/2021\/03\/BeFunky-collage-4-681x341.jpg 681w, https:\/\/stylestore.com\/se\/wp-content\/uploads\/sites\/5\/2021\/03\/BeFunky-collage-4-1536x768.jpg 1536w, https:\/\/stylestore.com\/se\/wp-content\/uploads\/sites\/5\/2021\/03\/BeFunky-collage-4-2048x1024.jpg 2048w, https:\/\/stylestore.com\/se\/wp-content\/uploads\/sites\/5\/2021\/03\/BeFunky-collage-4-602x301.jpg 602w\" sizes=\"(max-width: 2560px) 100vw, 2560px\" \/><\/a><\/p>\n<p><strong>MINIMALISTISK<\/strong><br \/>\nTidl\u00f6s, sofistikerad och &#8216;less is more&#8217;. Det \u00e4r precis vad som k\u00e4nnetecknar den minimalistiska och skandinaviska stilen. En snygg jacka passar alla dina kl\u00e4der och du kan d\u00e4rf\u00f6r vinka adj\u00f6 till alla kommande kl\u00e4dkriser. En v\u00e5rjacka med ett minimalistiskt utseende kommer alltid att vara en bra investering, eftersom du ocks\u00e5 kommer att kunna anv\u00e4nda den om och om igen &#8211; s\u00e4song efter s\u00e4song.<\/p>\n<p><a href=\"https:\/\/stylestore.com\/se\/product\/wblvanessa-puffer-vest-3\/\"><img loading=\"lazy\" decoding=\"async\" class=\"alignnone wp-image-105533 size-full\" src=\"https:\/\/stylestore.com\/se\/wp-content\/uploads\/sites\/5\/2021\/03\/BeFunky-collage-9-scaled.jpg\" alt=\"\" width=\"2560\" height=\"1280\" srcset=\"https:\/\/stylestore.com\/se\/wp-content\/uploads\/sites\/5\/2021\/03\/BeFunky-collage-9-scaled.jpg 2560w, https:\/\/stylestore.com\/se\/wp-content\/uploads\/sites\/5\/2021\/03\/BeFunky-collage-9-300x150.jpg 300w, https:\/\/stylestore.com\/se\/wp-content\/uploads\/sites\/5\/2021\/03\/BeFunky-collage-9-681x341.jpg 681w, https:\/\/stylestore.com\/se\/wp-content\/uploads\/sites\/5\/2021\/03\/BeFunky-collage-9-1536x768.jpg 1536w, https:\/\/stylestore.com\/se\/wp-content\/uploads\/sites\/5\/2021\/03\/BeFunky-collage-9-2048x1024.jpg 2048w, https:\/\/stylestore.com\/se\/wp-content\/uploads\/sites\/5\/2021\/03\/BeFunky-collage-9-602x301.jpg 602w\" sizes=\"(max-width: 2560px) 100vw, 2560px\" \/><\/a><\/p>\n<p><strong>VEST<\/strong><br \/>\nV\u00e4sten \u00e4r ett bra val n\u00e4r det \u00e4r varmt i luften, men \u00e4nd\u00e5 inte tillr\u00e4ckligt varmt f\u00f6r att kasta av dig ytterkl\u00e4derna helt. Vi har sett v\u00e4sten i modescenen i m\u00e5nga olika former och kvaliteter. \u00d6ver en skjorta, t-shirt eller l\u00e5ng\u00e4rmad blus ger den ett coolt lager p\u00e5 lager-look och det kan l\u00e4tt fungera som en jacka l\u00e5ngt in p\u00e5 v\u00e5ren.<\/p>\n<p><a href=\"https:\/\/stylestore.com\/se\/product\/wblapple-save-oversize-dnm-jkt\/\"><img loading=\"lazy\" decoding=\"async\" class=\"alignnone wp-image-105532 size-full\" src=\"https:\/\/stylestore.com\/se\/wp-content\/uploads\/sites\/5\/2021\/03\/BeFunky-collage-6-scaled.jpg\" alt=\"\" width=\"2560\" height=\"1280\" srcset=\"https:\/\/stylestore.com\/se\/wp-content\/uploads\/sites\/5\/2021\/03\/BeFunky-collage-6-scaled.jpg 2560w, https:\/\/stylestore.com\/se\/wp-content\/uploads\/sites\/5\/2021\/03\/BeFunky-collage-6-300x150.jpg 300w, https:\/\/stylestore.com\/se\/wp-content\/uploads\/sites\/5\/2021\/03\/BeFunky-collage-6-681x341.jpg 681w, https:\/\/stylestore.com\/se\/wp-content\/uploads\/sites\/5\/2021\/03\/BeFunky-collage-6-1536x768.jpg 1536w, https:\/\/stylestore.com\/se\/wp-content\/uploads\/sites\/5\/2021\/03\/BeFunky-collage-6-2048x1024.jpg 2048w, https:\/\/stylestore.com\/se\/wp-content\/uploads\/sites\/5\/2021\/03\/BeFunky-collage-6-602x301.jpg 602w\" sizes=\"(max-width: 2560px) 100vw, 2560px\" \/><\/a><\/p>\n<p><strong>OVERSIZE<\/strong><br \/>\nDen oversize \u00f6verg\u00e5ngsjackan ger ett exklusivt och i\u00f6gonfallande look. Det \u00f6verdimensionerade utseendet \u00e4r en \u00e5terkommande trend och det blir d\u00e4rf\u00f6r en v\u00e5rjacka som du kan b\u00e4ra om och om igen. Den \u00f6verdimensionerade \u00f6verg\u00e5ngsjackan kan utformas f\u00f6r m\u00e5nga olika kl\u00e4der f\u00f6r v\u00e5ren &#8211; fr\u00e5n kl\u00e4nningar och kjolar till jeans och stora tr\u00f6jor.<\/p>\n<p><a href=\"https:\/\/stylestore.com\/se\/product\/wbllondon-raincoat-5\/\"><img loading=\"lazy\" decoding=\"async\" class=\"alignnone wp-image-105531 size-full\" src=\"https:\/\/stylestore.com\/se\/wp-content\/uploads\/sites\/5\/2021\/03\/BeFunky-collage-7-scaled.jpg\" alt=\"\" width=\"2560\" height=\"1280\" srcset=\"https:\/\/stylestore.com\/se\/wp-content\/uploads\/sites\/5\/2021\/03\/BeFunky-collage-7-scaled.jpg 2560w, https:\/\/stylestore.com\/se\/wp-content\/uploads\/sites\/5\/2021\/03\/BeFunky-collage-7-300x150.jpg 300w, https:\/\/stylestore.com\/se\/wp-content\/uploads\/sites\/5\/2021\/03\/BeFunky-collage-7-681x341.jpg 681w, https:\/\/stylestore.com\/se\/wp-content\/uploads\/sites\/5\/2021\/03\/BeFunky-collage-7-1536x768.jpg 1536w, https:\/\/stylestore.com\/se\/wp-content\/uploads\/sites\/5\/2021\/03\/BeFunky-collage-7-2048x1024.jpg 2048w, https:\/\/stylestore.com\/se\/wp-content\/uploads\/sites\/5\/2021\/03\/BeFunky-collage-7-602x301.jpg 602w\" sizes=\"(max-width: 2560px) 100vw, 2560px\" \/><\/a><\/p>\n<p><strong>RAINCOAT<\/strong><br \/>\nOm du \u00e4r den typ som gillar staden, stranden och skogen i alla slags v\u00e4der \u00e4r det en bra id\u00e9 att ha en lyxig regnjacka s\u00e5 att du h\u00e5ller dig torr och varm oavsett v\u00e4der och vind. Vi \u00e4lskar regnrockens unika funktionella egenskaper som den vattent\u00e4ta blixtl\u00e5set, de vattent\u00e4ta s\u00f6mmarna, den specialdesignade huven och alla andra funktioner som ger dig den perfekta regnjackan och s\u00e4kerst\u00e4ller en bra stil, \u00e4ven p\u00e5 regniga dagar. Du kan till och med f\u00e5 det i en m\u00e4ngd l\u00e4ckra v\u00e5rf\u00e4rger.<\/p>\n<p>&nbsp;<\/p>\n<p>Spring is here, and we can\u2019t wait!<\/p>\n<p>Love, StyleStore<\/p>\n<p><a href=\"https:\/\/www.bloglovin.com\/@stylestorecom\"><img loading=\"lazy\" decoding=\"async\" class=\"alignnone wp-image-105537 size-full\" src=\"https:\/\/stylestore.com\/se\/wp-content\/uploads\/sites\/5\/2021\/03\/BLOGLOVIN-SVENSK-Max-Quality-1.jpg\" alt=\"\" width=\"1320\" height=\"772\" srcset=\"https:\/\/stylestore.com\/se\/wp-content\/uploads\/sites\/5\/2021\/03\/BLOGLOVIN-SVENSK-Max-Quality-1.jpg 1320w, https:\/\/stylestore.com\/se\/wp-content\/uploads\/sites\/5\/2021\/03\/BLOGLOVIN-SVENSK-Max-Quality-1-300x175.jpg 300w, https:\/\/stylestore.com\/se\/wp-content\/uploads\/sites\/5\/2021\/03\/BLOGLOVIN-SVENSK-Max-Quality-1-681x398.jpg 681w, https:\/\/stylestore.com\/se\/wp-content\/uploads\/sites\/5\/2021\/03\/BLOGLOVIN-SVENSK-Max-Quality-1-602x352.jpg 602w\" sizes=\"(max-width: 1320px) 100vw, 1320px\" \/><\/a><\/p>\n<p><a class=\"blsdk-follow\" href=\"https:\/\/www.bloglovin.com\/blogs\/stylestorecom-20693121\" target=\"_blank\" rel=\"noopener noreferrer\">Follow us on Bloglovin&#8217;<\/a><script>(function(d, s, id) {var js, fjs = d.getElementsByTagName(s)[0];if (d.getElementById(id)) return;js = d.createElement(s);js.id = id;js.src = \"https:\/\/www.bloglovin.com\/widget\/js\/loader.js?v=1\";fjs.parentNode.insertBefore(js, fjs);}(document, \"script\", \"bloglovin-sdk\"))<\/script><\/p>\n<p>&nbsp;<\/p>\n","protected":false},"excerpt":{"rendered":"V\u00e5ren \u00e4r p\u00e5 v\u00e4g och det \u00e4r dags att packa bort vinterrock. S\u00e4songens quiltade, trench, ullrockar och l\u00e4derjackor finns i m\u00e5nga varianter och de \u00e4r perfekta \u00f6verg\u00e5ngsjackor f\u00f6r alla smaker. Vi kan inte komma runt det! Spring has sprung&#8230;","protected":false},"author":4116,"featured_media":105547,"comment_status":"closed","ping_status":"closed","sticky":false,"template":"","format":"standard","meta":{"_acf_changed":false,"footnotes":""},"categories":[2431,1],"tags":[],"class_list":["post-105525","post","type-post","status-publish","format-standard","has-post-thumbnail","hentry","category-blog","category-uncategorized"],"acf":[],"yoast_head":"<!-- This site is optimized with the Yoast SEO plugin v23.8 - https:\/\/yoast.com\/wordpress\/plugins\/seo\/ -->\n<title>TRANSITION HERO ICONS&#187; Stylestore.com Sweden<\/title>\n<meta name=\"robots\" content=\"index, follow, max-snippet:-1, max-image-preview:large, max-video-preview:-1\" \/>\n<link rel=\"canonical\" href=\"https:\/\/stylestore.com\/se\/blog\/transition-hero-icons\/\" \/>\n<meta property=\"og:locale\" content=\"sv_SE\" \/>\n<meta property=\"og:type\" content=\"article\" \/>\n<meta property=\"og:title\" content=\"TRANSITION HERO ICONS&#187; Stylestore.com Sweden\" \/>\n<meta property=\"og:description\" content=\"V\u00e5ren \u00e4r p\u00e5 v\u00e4g och det \u00e4r dags att packa bort vinterrock. S\u00e4songens quiltade, trench, ullrockar och l\u00e4derjackor finns i m\u00e5nga varianter och de \u00e4r perfekta \u00f6verg\u00e5ngsjackor f\u00f6r alla smaker. Vi kan inte komma runt det! Spring has sprung...\" \/>\n<meta property=\"og:url\" content=\"https:\/\/stylestore.com\/se\/blog\/transition-hero-icons\/\" \/>\n<meta property=\"og:site_name\" content=\"Stylestore.com Sweden\" \/>\n<meta property=\"article:published_time\" content=\"2021-03-04T14:21:04+00:00\" \/>\n<meta property=\"article:modified_time\" content=\"2021-03-18T11:53:10+00:00\" \/>\n<meta property=\"og:image\" content=\"https:\/\/stylestore.com\/se\/wp-content\/uploads\/sites\/5\/2020\/10\/quilt_haeng-681x851.jpg\" \/>\n\t<meta property=\"og:image:width\" content=\"681\" \/>\n\t<meta property=\"og:image:height\" content=\"851\" \/>\n\t<meta property=\"og:image:type\" content=\"image\/jpeg\" \/>\n<meta name=\"author\" content=\"elineeggers\" \/>\n<meta name=\"twitter:card\" content=\"summary_large_image\" \/>\n<meta name=\"twitter:label1\" content=\"Skriven av\" \/>\n\t<meta name=\"twitter:data1\" content=\"elineeggers\" \/>\n\t<meta name=\"twitter:label2\" content=\"Ber\u00e4knad l\u00e4stid\" \/>\n\t<meta name=\"twitter:data2\" content=\"4 minuter\" \/>\n<script type=\"application\/ld+json\" class=\"yoast-schema-graph\">{\"@context\":\"https:\/\/schema.org\",\"@graph\":[{\"@type\":\"WebPage\",\"@id\":\"https:\/\/stylestore.com\/se\/blog\/transition-hero-icons\/\",\"url\":\"https:\/\/stylestore.com\/se\/blog\/transition-hero-icons\/\",\"name\":\"TRANSITION HERO ICONS&#187; Stylestore.com Sweden\",\"isPartOf\":{\"@id\":\"https:\/\/stylestore.com\/se\/#website\"},\"primaryImageOfPage\":{\"@id\":\"https:\/\/stylestore.com\/se\/blog\/transition-hero-icons\/#primaryimage\"},\"image\":{\"@id\":\"https:\/\/stylestore.com\/se\/blog\/transition-hero-icons\/#primaryimage\"},\"thumbnailUrl\":\"https:\/\/stylestore.com\/se\/wp-content\/uploads\/sites\/5\/2020\/10\/quilt_haeng.jpg\",\"datePublished\":\"2021-03-04T14:21:04+00:00\",\"dateModified\":\"2021-03-18T11:53:10+00:00\",\"author\":{\"@id\":\"https:\/\/stylestore.com\/se\/#\/schema\/person\/9aec83ddc7cd53c400634e4dd3660686\"},\"breadcrumb\":{\"@id\":\"https:\/\/stylestore.com\/se\/blog\/transition-hero-icons\/#breadcrumb\"},\"inLanguage\":\"sv-SE\",\"potentialAction\":[{\"@type\":\"ReadAction\",\"target\":[\"https:\/\/stylestore.com\/se\/blog\/transition-hero-icons\/\"]}]},{\"@type\":\"ImageObject\",\"inLanguage\":\"sv-SE\",\"@id\":\"https:\/\/stylestore.com\/se\/blog\/transition-hero-icons\/#primaryimage\",\"url\":\"https:\/\/stylestore.com\/se\/wp-content\/uploads\/sites\/5\/2020\/10\/quilt_haeng.jpg\",\"contentUrl\":\"https:\/\/stylestore.com\/se\/wp-content\/uploads\/sites\/5\/2020\/10\/quilt_haeng.jpg\",\"width\":2000,\"height\":2500},{\"@type\":\"BreadcrumbList\",\"@id\":\"https:\/\/stylestore.com\/se\/blog\/transition-hero-icons\/#breadcrumb\",\"itemListElement\":[{\"@type\":\"ListItem\",\"position\":1,\"name\":\"Home\",\"item\":\"https:\/\/stylestore.com\/se\/\"},{\"@type\":\"ListItem\",\"position\":2,\"name\":\"TRANSITION HERO ICONS\"}]},{\"@type\":\"WebSite\",\"@id\":\"https:\/\/stylestore.com\/se\/#website\",\"url\":\"https:\/\/stylestore.com\/se\/\",\"name\":\"Stylestore.com Sweden\",\"description\":\"\",\"potentialAction\":[{\"@type\":\"SearchAction\",\"target\":{\"@type\":\"EntryPoint\",\"urlTemplate\":\"https:\/\/stylestore.com\/se\/?s={search_term_string}\"},\"query-input\":{\"@type\":\"PropertyValueSpecification\",\"valueRequired\":true,\"valueName\":\"search_term_string\"}}],\"inLanguage\":\"sv-SE\"},{\"@type\":\"Person\",\"@id\":\"https:\/\/stylestore.com\/se\/#\/schema\/person\/9aec83ddc7cd53c400634e4dd3660686\",\"name\":\"elineeggers\"}]}<\/script>\n<!-- \/ Yoast SEO plugin. -->","yoast_head_json":{"title":"TRANSITION HERO ICONS&#187; Stylestore.com Sweden","robots":{"index":"index","follow":"follow","max-snippet":"max-snippet:-1","max-image-preview":"max-image-preview:large","max-video-preview":"max-video-preview:-1"},"canonical":"https:\/\/stylestore.com\/se\/blog\/transition-hero-icons\/","og_locale":"sv_SE","og_type":"article","og_title":"TRANSITION HERO ICONS&#187; Stylestore.com Sweden","og_description":"V\u00e5ren \u00e4r p\u00e5 v\u00e4g och det \u00e4r dags att packa bort vinterrock. S\u00e4songens quiltade, trench, ullrockar och l\u00e4derjackor finns i m\u00e5nga varianter och de \u00e4r perfekta \u00f6verg\u00e5ngsjackor f\u00f6r alla smaker. Vi kan inte komma runt det! Spring has sprung...","og_url":"https:\/\/stylestore.com\/se\/blog\/transition-hero-icons\/","og_site_name":"Stylestore.com Sweden","article_published_time":"2021-03-04T14:21:04+00:00","article_modified_time":"2021-03-18T11:53:10+00:00","og_image":[{"width":681,"height":851,"url":"https:\/\/stylestore.com\/se\/wp-content\/uploads\/sites\/5\/2020\/10\/quilt_haeng-681x851.jpg","type":"image\/jpeg"}],"author":"elineeggers","twitter_card":"summary_large_image","twitter_misc":{"Skriven av":"elineeggers","Ber\u00e4knad l\u00e4stid":"4 minuter"},"schema":{"@context":"https:\/\/schema.org","@graph":[{"@type":"WebPage","@id":"https:\/\/stylestore.com\/se\/blog\/transition-hero-icons\/","url":"https:\/\/stylestore.com\/se\/blog\/transition-hero-icons\/","name":"TRANSITION HERO ICONS&#187; Stylestore.com Sweden","isPartOf":{"@id":"https:\/\/stylestore.com\/se\/#website"},"primaryImageOfPage":{"@id":"https:\/\/stylestore.com\/se\/blog\/transition-hero-icons\/#primaryimage"},"image":{"@id":"https:\/\/stylestore.com\/se\/blog\/transition-hero-icons\/#primaryimage"},"thumbnailUrl":"https:\/\/stylestore.com\/se\/wp-content\/uploads\/sites\/5\/2020\/10\/quilt_haeng.jpg","datePublished":"2021-03-04T14:21:04+00:00","dateModified":"2021-03-18T11:53:10+00:00","author":{"@id":"https:\/\/stylestore.com\/se\/#\/schema\/person\/9aec83ddc7cd53c400634e4dd3660686"},"breadcrumb":{"@id":"https:\/\/stylestore.com\/se\/blog\/transition-hero-icons\/#breadcrumb"},"inLanguage":"sv-SE","potentialAction":[{"@type":"ReadAction","target":["https:\/\/stylestore.com\/se\/blog\/transition-hero-icons\/"]}]},{"@type":"ImageObject","inLanguage":"sv-SE","@id":"https:\/\/stylestore.com\/se\/blog\/transition-hero-icons\/#primaryimage","url":"https:\/\/stylestore.com\/se\/wp-content\/uploads\/sites\/5\/2020\/10\/quilt_haeng.jpg","contentUrl":"https:\/\/stylestore.com\/se\/wp-content\/uploads\/sites\/5\/2020\/10\/quilt_haeng.jpg","width":2000,"height":2500},{"@type":"BreadcrumbList","@id":"https:\/\/stylestore.com\/se\/blog\/transition-hero-icons\/#breadcrumb","itemListElement":[{"@type":"ListItem","position":1,"name":"Home","item":"https:\/\/stylestore.com\/se\/"},{"@type":"ListItem","position":2,"name":"TRANSITION HERO ICONS"}]},{"@type":"WebSite","@id":"https:\/\/stylestore.com\/se\/#website","url":"https:\/\/stylestore.com\/se\/","name":"Stylestore.com Sweden","description":"","potentialAction":[{"@type":"SearchAction","target":{"@type":"EntryPoint","urlTemplate":"https:\/\/stylestore.com\/se\/?s={search_term_string}"},"query-input":{"@type":"PropertyValueSpecification","valueRequired":true,"valueName":"search_term_string"}}],"inLanguage":"sv-SE"},{"@type":"Person","@id":"https:\/\/stylestore.com\/se\/#\/schema\/person\/9aec83ddc7cd53c400634e4dd3660686","name":"elineeggers"}]}},"_links":{"self":[{"href":"https:\/\/stylestore.com\/se\/wp-json\/wp\/v2\/posts\/105525","targetHints":{"allow":["GET"]}}],"collection":[{"href":"https:\/\/stylestore.com\/se\/wp-json\/wp\/v2\/posts"}],"about":[{"href":"https:\/\/stylestore.com\/se\/wp-json\/wp\/v2\/types\/post"}],"author":[{"embeddable":true,"href":"https:\/\/stylestore.com\/se\/wp-json\/wp\/v2\/users\/4116"}],"replies":[{"embeddable":true,"href":"https:\/\/stylestore.com\/se\/wp-json\/wp\/v2\/comments?post=105525"}],"version-history":[{"count":3,"href":"https:\/\/stylestore.com\/se\/wp-json\/wp\/v2\/posts\/105525\/revisions"}],"predecessor-version":[{"id":107602,"href":"https:\/\/stylestore.com\/se\/wp-json\/wp\/v2\/posts\/105525\/revisions\/107602"}],"wp:featuredmedia":[{"embeddable":true,"href":"https:\/\/stylestore.com\/se\/wp-json\/wp\/v2\/media\/105547"}],"wp:attachment":[{"href":"https:\/\/stylestore.com\/se\/wp-json\/wp\/v2\/media?parent=105525"}],"wp:term":[{"taxonomy":"category","embeddable":true,"href":"https:\/\/stylestore.com\/se\/wp-json\/wp\/v2\/categories?post=105525"},{"taxonomy":"post_tag","embeddable":true,"href":"https:\/\/stylestore.com\/se\/wp-json\/wp\/v2\/tags?post=105525"}],"curies":[{"name":"wp","href":"https:\/\/api.w.org\/{rel}","templated":true}]}}