{"id":100393,"date":"2021-02-03T14:45:52","date_gmt":"2021-02-03T13:45:52","guid":{"rendered":"https:\/\/stylestore.com\/se\/?p=100393"},"modified":"2021-03-18T11:45:26","modified_gmt":"2021-03-18T10:45:26","slug":"behind-withblack","status":"publish","type":"post","link":"https:\/\/stylestore.com\/se\/blog\/behind-withblack\/","title":{"rendered":"BEHIND THE SCENES WITHBLACK"},"content":{"rendered":"<div style=\"width: 1920px;\" class=\"wp-video\"><!--[if lt IE 9]><script>document.createElement('video');<\/script><![endif]-->\n<video class=\"wp-video-shortcode\" id=\"video-100393-1\" width=\"1920\" height=\"1080\" preload=\"metadata\" controls=\"controls\"><source type=\"video\/mp4\" src=\"https:\/\/stylestore.com\/se\/wp-content\/uploads\/sites\/5\/2021\/02\/BehindTheScenes-med-MusicCompressed-1.mp4?_=1\" \/><a href=\"https:\/\/stylestore.com\/se\/wp-content\/uploads\/sites\/5\/2021\/02\/BehindTheScenes-med-MusicCompressed-1.mp4\">https:\/\/stylestore.com\/se\/wp-content\/uploads\/sites\/5\/2021\/02\/BehindTheScenes-med-MusicCompressed-1.mp4<\/a><\/video><\/div>\n<p>Vi har gjort en ny image shoot f\u00f6r WithBlack, och den h\u00e4r g\u00e5ngen, helt koronav\u00e4nlig, hemma i v\u00e5r vackra studio i Jelling. F\u00e5 en smyga bakom kulisserna i kampanjen och utforska alla sp\u00e4nnande detaljer WithBlack.<!--more--><\/p>\n<p><a href=\"https:\/\/www.withblack.com\/\"><img fetchpriority=\"high\" decoding=\"async\" class=\"alignnone wp-image-100427 size-full\" src=\"https:\/\/stylestore.com\/se\/wp-content\/uploads\/sites\/5\/2021\/02\/BTS8.jpg\" alt=\"\" width=\"2202\" height=\"1536\" srcset=\"https:\/\/stylestore.com\/se\/wp-content\/uploads\/sites\/5\/2021\/02\/BTS8.jpg 2202w, https:\/\/stylestore.com\/se\/wp-content\/uploads\/sites\/5\/2021\/02\/BTS8-300x209.jpg 300w, https:\/\/stylestore.com\/se\/wp-content\/uploads\/sites\/5\/2021\/02\/BTS8-681x475.jpg 681w, https:\/\/stylestore.com\/se\/wp-content\/uploads\/sites\/5\/2021\/02\/BTS8-1536x1071.jpg 1536w, https:\/\/stylestore.com\/se\/wp-content\/uploads\/sites\/5\/2021\/02\/BTS8-2048x1429.jpg 2048w, https:\/\/stylestore.com\/se\/wp-content\/uploads\/sites\/5\/2021\/02\/BTS8-602x420.jpg 602w\" sizes=\"(max-width: 2202px) 100vw, 2202px\" \/><\/a><\/p>\n<p style=\"text-align: center;\"><strong>EVERYTHING GOES WITHBLACK<\/strong><\/p>\n<p>Visuellt bygger kampanjen p\u00e5 en kombination av den skandinaviska estetiken, stadens r\u00e5betong och de dynamiska aspekterna av vardagens turbulens. Denna typ av m\u00e5ngsidighet \u00e4r karakteristisk f\u00f6r den skandinaviska livsstilen, d\u00e4r m\u00e4nniskor jonglerar med olika uppgifter varje dag, men samtidigt lyckas skapa utrymme f\u00f6r de sm\u00e5 vardagliga \u00f6gonblicken. Det \u00e4r meddelandet WithBlack f\u00f6rs\u00f6ker reflektera \u00f6ver.<\/p>\n<p>Eftersom natur och stad \u00e4r den ultimata inspirationsk\u00e4llan och ocks\u00e5 en integrerad del av den skandinaviska livsstilen, sker kampanjens fotografering bland de r\u00e5a v\u00e4ggarna i v\u00e5r studio, d\u00e4r tiden verkar f\u00f6lja sin egen takt och v\u00e5ra ikoner dyker upp i en mjuk kontrast till det r\u00e5 betong.<!--more--><\/p>\n<p><a href=\"https:\/\/www.withblack.com\/\"><img decoding=\"async\" class=\"alignnone wp-image-100425 size-full\" src=\"https:\/\/stylestore.com\/se\/wp-content\/uploads\/sites\/5\/2021\/02\/Dobbelt-side-blog.jpg\" alt=\"\" width=\"2200\" height=\"1738\" srcset=\"https:\/\/stylestore.com\/se\/wp-content\/uploads\/sites\/5\/2021\/02\/Dobbelt-side-blog.jpg 2200w, https:\/\/stylestore.com\/se\/wp-content\/uploads\/sites\/5\/2021\/02\/Dobbelt-side-blog-300x237.jpg 300w, https:\/\/stylestore.com\/se\/wp-content\/uploads\/sites\/5\/2021\/02\/Dobbelt-side-blog-681x538.jpg 681w, https:\/\/stylestore.com\/se\/wp-content\/uploads\/sites\/5\/2021\/02\/Dobbelt-side-blog-1536x1213.jpg 1536w, https:\/\/stylestore.com\/se\/wp-content\/uploads\/sites\/5\/2021\/02\/Dobbelt-side-blog-2048x1618.jpg 2048w, https:\/\/stylestore.com\/se\/wp-content\/uploads\/sites\/5\/2021\/02\/Dobbelt-side-blog-602x476.jpg 602w\" sizes=\"(max-width: 2200px) 100vw, 2200px\" \/><\/a><\/p>\n<p style=\"text-align: center;\"><strong>LESS IS ALWAYS MORE<\/strong><\/p>\n<p>Vi \u00e4lskar minimalistisk estetik, neutrala f\u00e4rger, rena utrymmen och minimala distraktioner. F\u00f6r oss k\u00e4nns det som ett friskt andetag och det v\u00e4cker en lugn, zenliknande k\u00e4nsla. Denne spacious og clutter-free style er kendt for sin fotogene stemning og alsidige sk\u00f8nhed, og derfor passer netop denne \u00e6stetik perfekt til vores image shoot, men ogs\u00e5 til WithBlack. Vi har valgt de hvide grafiske blokke for at understrege dette stilrene look, der smelter smukt sammen med den rene, r\u00e5 beton.<\/p>\n<p><!--more--><\/p>\n<p><a href=\"https:\/\/www.withblack.com\/\"><img decoding=\"async\" class=\"alignnone wp-image-100426 size-full\" src=\"https:\/\/stylestore.com\/se\/wp-content\/uploads\/sites\/5\/2021\/02\/BTS-dobbelt-side.jpg\" alt=\"\" width=\"2200\" height=\"1600\" srcset=\"https:\/\/stylestore.com\/se\/wp-content\/uploads\/sites\/5\/2021\/02\/BTS-dobbelt-side.jpg 2200w, https:\/\/stylestore.com\/se\/wp-content\/uploads\/sites\/5\/2021\/02\/BTS-dobbelt-side-300x218.jpg 300w, https:\/\/stylestore.com\/se\/wp-content\/uploads\/sites\/5\/2021\/02\/BTS-dobbelt-side-681x495.jpg 681w, https:\/\/stylestore.com\/se\/wp-content\/uploads\/sites\/5\/2021\/02\/BTS-dobbelt-side-1536x1117.jpg 1536w, https:\/\/stylestore.com\/se\/wp-content\/uploads\/sites\/5\/2021\/02\/BTS-dobbelt-side-2048x1489.jpg 2048w, https:\/\/stylestore.com\/se\/wp-content\/uploads\/sites\/5\/2021\/02\/BTS-dobbelt-side-602x438.jpg 602w\" sizes=\"(max-width: 2200px) 100vw, 2200px\" \/><\/a><\/p>\n<p style=\"text-align: center;\"><strong>GET A #BETTERWARDROBE<\/strong><\/p>\n<p>Vi f\u00f6rs\u00f6ker alltid integrera v\u00e5rt skandinaviska DNA i design och kvalitet. Stadens energi, den arkitektoniska r\u00e5heten och livets stillhet \u00e4r absolut n\u00f6dv\u00e4ndiga principer och \u00e4r f\u00f6rankrade i v\u00e5rt brand mantra: <em>Better quality \u2013 Better prices \u2013 \u00a0#Betterwardrobe<\/em>.<\/p>\n<p>V\u00e5rt m\u00e5l \u00e4r att den b\u00e4sta garderoben med exklusiva kvalitets items ska vara tillg\u00e4nglig f\u00f6r alla. Med WithBlack f\u00e5r du alltid mer f\u00f6r mindre, och tonvikten ligger p\u00e5 att v\u00e4gen till b\u00e4ttre stil och h\u00f6gre kvalitet alltid \u00e4r inom r\u00e4ckh\u00e5ll. V\u00e5ra tidl\u00f6sa m\u00f6nster i h\u00f6g kvalitet f\u00f6rra s\u00e4songen efter s\u00e4song och kan kombineras i en myriad av kl\u00e4der. En b\u00e4ttre och mer h\u00e5llbar garderob b\u00f6rjar WithBlack.<!--more--><\/p>\n<p style=\"text-align: center;\"><strong>GET TO KNOW THE MODEL<\/strong><\/p>\n<p>Den vackra modellen Anne-Mette tog resan fr\u00e5n \u00c5rhus till Jelling f\u00f6r att delta i v\u00e5r image shoot. Vi f\u00f6ll f\u00f6r hennes fantastiska, skandinaviska utseende, hennes r\u00f6da h\u00e5r och bl\u00e5 \u00f6gon. Under pausen utmanade vi henne att svara p\u00e5 tio snabba fr\u00e5gor f\u00f6r att l\u00e4ra k\u00e4nna henne \u00e4nnu b\u00e4ttre. Ta en titt:<br \/>\n<span style=\"text-align: center;\"><br \/>\n<\/span><\/p>\n<div style=\"margin: auto; width: 50%; padding: 10;\">\n<div style=\"width: 500px;\" class=\"wp-video\"><video class=\"wp-video-shortcode\" id=\"video-100393-2\" width=\"500\" preload=\"metadata\" controls=\"controls\"><source type=\"video\/mp4\" src=\"https:\/\/stylestore.com\/se\/wp-content\/uploads\/sites\/5\/2021\/02\/Anne-Mette-Interview_Compressed-1.mp4?_=2\" \/><a href=\"https:\/\/stylestore.com\/se\/wp-content\/uploads\/sites\/5\/2021\/02\/Anne-Mette-Interview_Compressed-1.mp4\">https:\/\/stylestore.com\/se\/wp-content\/uploads\/sites\/5\/2021\/02\/Anne-Mette-Interview_Compressed-1.mp4<\/a><\/video><\/div>\n<\/div>\n<p><!--more--><\/p>\n<p style=\"text-align: center;\"><strong>NEXT UP<\/strong><\/p>\n<p>Coronavirus och global lock-down har fortfarande tagit tag i oss alla och det har dramatiskt f\u00f6r\u00e4ndrat v\u00e5rt s\u00e4tt att leva v\u00e5ra liv. Ocks\u00e5 hur vi kl\u00e4r oss. En av de mest m\u00e4rkbara skiften \u00e4r den typ av kl\u00e4der som vi f\u00f6r n\u00e4rvarande lockas av. Ute i modebildet \u00e4r det tydligt att lounge och sportkl\u00e4der \u00e4r nyckeln, och den nya trenden tv\u00e5 mil kl\u00e4der stormar fram\u00e5t.<\/p>\n<p>L\u00e4s mer om det i v\u00e5rt n\u00e4sta blogginl\u00e4gg.<\/p>\n<p>Stay stylish and stay tuned!<\/p>\n","protected":false},"excerpt":{"rendered":"Vi har gjort en ny image shoot f\u00f6r WithBlack, och den h\u00e4r g\u00e5ngen, helt koronav\u00e4nlig, hemma i v\u00e5r vackra studio i Jelling. F\u00e5 en smyga bakom kulisserna i kampanjen och utforska alla sp\u00e4nnande detaljer WithBlack.","protected":false},"author":4116,"featured_media":100436,"comment_status":"closed","ping_status":"closed","sticky":false,"template":"","format":"standard","meta":{"_acf_changed":false,"footnotes":""},"categories":[2431,1],"tags":[2445,2435,2440,2436,2443,2437,2439,2442,2441,2438,2444,2377],"class_list":["post-100393","post","type-post","status-publish","format-standard","has-post-thumbnail","hentry","category-blog","category-uncategorized","tag-betterwardrobe","tag-bildfotografering","tag-ikoner","tag-image","tag-image-shoot","tag-kampanjen","tag-livsstilen","tag-minimalistisk-estetik","tag-neutrala-farger","tag-skandinaviska-estetiken","tag-stilrene-look","tag-withblack"],"acf":[],"yoast_head":"<!-- This site is optimized with the Yoast SEO plugin v23.8 - https:\/\/yoast.com\/wordpress\/plugins\/seo\/ -->\n<title>BEHIND THE SCENES WITHBLACK&#187; Stylestore.com Sweden<\/title>\n<meta name=\"robots\" content=\"index, follow, max-snippet:-1, max-image-preview:large, max-video-preview:-1\" \/>\n<link rel=\"canonical\" href=\"https:\/\/stylestore.com\/se\/blog\/behind-withblack\/\" \/>\n<meta property=\"og:locale\" content=\"sv_SE\" \/>\n<meta property=\"og:type\" content=\"article\" \/>\n<meta property=\"og:title\" content=\"BEHIND THE SCENES WITHBLACK&#187; Stylestore.com Sweden\" \/>\n<meta property=\"og:description\" content=\"Vi har gjort en ny image shoot f\u00f6r WithBlack, och den h\u00e4r g\u00e5ngen, helt koronav\u00e4nlig, hemma i v\u00e5r vackra studio i Jelling. F\u00e5 en smyga bakom kulisserna i kampanjen och utforska alla sp\u00e4nnande detaljer WithBlack.\" \/>\n<meta property=\"og:url\" content=\"https:\/\/stylestore.com\/se\/blog\/behind-withblack\/\" \/>\n<meta property=\"og:site_name\" content=\"Stylestore.com Sweden\" \/>\n<meta property=\"article:published_time\" content=\"2021-02-03T13:45:52+00:00\" \/>\n<meta property=\"article:modified_time\" content=\"2021-03-18T10:45:26+00:00\" \/>\n<meta property=\"og:image\" content=\"https:\/\/stylestore.com\/se\/wp-content\/uploads\/sites\/5\/2021\/02\/withblack_landingpage_2.jpg\" \/>\n\t<meta property=\"og:image:width\" content=\"1274\" \/>\n\t<meta property=\"og:image:height\" content=\"1274\" \/>\n\t<meta property=\"og:image:type\" content=\"image\/jpeg\" \/>\n<meta name=\"author\" content=\"elineeggers\" \/>\n<meta name=\"twitter:card\" content=\"summary_large_image\" \/>\n<meta name=\"twitter:label1\" content=\"Skriven av\" \/>\n\t<meta name=\"twitter:data1\" content=\"elineeggers\" \/>\n\t<meta name=\"twitter:label2\" content=\"Ber\u00e4knad l\u00e4stid\" \/>\n\t<meta name=\"twitter:data2\" content=\"3 minuter\" \/>\n<script type=\"application\/ld+json\" class=\"yoast-schema-graph\">{\"@context\":\"https:\/\/schema.org\",\"@graph\":[{\"@type\":\"WebPage\",\"@id\":\"https:\/\/stylestore.com\/se\/blog\/behind-withblack\/\",\"url\":\"https:\/\/stylestore.com\/se\/blog\/behind-withblack\/\",\"name\":\"BEHIND THE SCENES WITHBLACK&#187; Stylestore.com Sweden\",\"isPartOf\":{\"@id\":\"https:\/\/stylestore.com\/se\/#website\"},\"primaryImageOfPage\":{\"@id\":\"https:\/\/stylestore.com\/se\/blog\/behind-withblack\/#primaryimage\"},\"image\":{\"@id\":\"https:\/\/stylestore.com\/se\/blog\/behind-withblack\/#primaryimage\"},\"thumbnailUrl\":\"https:\/\/stylestore.com\/se\/wp-content\/uploads\/sites\/5\/2021\/02\/withblack_landingpage_2.jpg\",\"datePublished\":\"2021-02-03T13:45:52+00:00\",\"dateModified\":\"2021-03-18T10:45:26+00:00\",\"author\":{\"@id\":\"https:\/\/stylestore.com\/se\/#\/schema\/person\/9aec83ddc7cd53c400634e4dd3660686\"},\"breadcrumb\":{\"@id\":\"https:\/\/stylestore.com\/se\/blog\/behind-withblack\/#breadcrumb\"},\"inLanguage\":\"sv-SE\",\"potentialAction\":[{\"@type\":\"ReadAction\",\"target\":[\"https:\/\/stylestore.com\/se\/blog\/behind-withblack\/\"]}]},{\"@type\":\"ImageObject\",\"inLanguage\":\"sv-SE\",\"@id\":\"https:\/\/stylestore.com\/se\/blog\/behind-withblack\/#primaryimage\",\"url\":\"https:\/\/stylestore.com\/se\/wp-content\/uploads\/sites\/5\/2021\/02\/withblack_landingpage_2.jpg\",\"contentUrl\":\"https:\/\/stylestore.com\/se\/wp-content\/uploads\/sites\/5\/2021\/02\/withblack_landingpage_2.jpg\",\"width\":1274,\"height\":1274},{\"@type\":\"BreadcrumbList\",\"@id\":\"https:\/\/stylestore.com\/se\/blog\/behind-withblack\/#breadcrumb\",\"itemListElement\":[{\"@type\":\"ListItem\",\"position\":1,\"name\":\"Home\",\"item\":\"https:\/\/stylestore.com\/se\/\"},{\"@type\":\"ListItem\",\"position\":2,\"name\":\"BEHIND THE SCENES WITHBLACK\"}]},{\"@type\":\"WebSite\",\"@id\":\"https:\/\/stylestore.com\/se\/#website\",\"url\":\"https:\/\/stylestore.com\/se\/\",\"name\":\"Stylestore.com Sweden\",\"description\":\"\",\"potentialAction\":[{\"@type\":\"SearchAction\",\"target\":{\"@type\":\"EntryPoint\",\"urlTemplate\":\"https:\/\/stylestore.com\/se\/?s={search_term_string}\"},\"query-input\":{\"@type\":\"PropertyValueSpecification\",\"valueRequired\":true,\"valueName\":\"search_term_string\"}}],\"inLanguage\":\"sv-SE\"},{\"@type\":\"Person\",\"@id\":\"https:\/\/stylestore.com\/se\/#\/schema\/person\/9aec83ddc7cd53c400634e4dd3660686\",\"name\":\"elineeggers\"}]}<\/script>\n<!-- \/ Yoast SEO plugin. -->","yoast_head_json":{"title":"BEHIND THE SCENES WITHBLACK&#187; Stylestore.com Sweden","robots":{"index":"index","follow":"follow","max-snippet":"max-snippet:-1","max-image-preview":"max-image-preview:large","max-video-preview":"max-video-preview:-1"},"canonical":"https:\/\/stylestore.com\/se\/blog\/behind-withblack\/","og_locale":"sv_SE","og_type":"article","og_title":"BEHIND THE SCENES WITHBLACK&#187; Stylestore.com Sweden","og_description":"Vi har gjort en ny image shoot f\u00f6r WithBlack, och den h\u00e4r g\u00e5ngen, helt koronav\u00e4nlig, hemma i v\u00e5r vackra studio i Jelling. F\u00e5 en smyga bakom kulisserna i kampanjen och utforska alla sp\u00e4nnande detaljer WithBlack.","og_url":"https:\/\/stylestore.com\/se\/blog\/behind-withblack\/","og_site_name":"Stylestore.com Sweden","article_published_time":"2021-02-03T13:45:52+00:00","article_modified_time":"2021-03-18T10:45:26+00:00","og_image":[{"width":1274,"height":1274,"url":"https:\/\/stylestore.com\/se\/wp-content\/uploads\/sites\/5\/2021\/02\/withblack_landingpage_2.jpg","type":"image\/jpeg"}],"author":"elineeggers","twitter_card":"summary_large_image","twitter_misc":{"Skriven av":"elineeggers","Ber\u00e4knad l\u00e4stid":"3 minuter"},"schema":{"@context":"https:\/\/schema.org","@graph":[{"@type":"WebPage","@id":"https:\/\/stylestore.com\/se\/blog\/behind-withblack\/","url":"https:\/\/stylestore.com\/se\/blog\/behind-withblack\/","name":"BEHIND THE SCENES WITHBLACK&#187; Stylestore.com Sweden","isPartOf":{"@id":"https:\/\/stylestore.com\/se\/#website"},"primaryImageOfPage":{"@id":"https:\/\/stylestore.com\/se\/blog\/behind-withblack\/#primaryimage"},"image":{"@id":"https:\/\/stylestore.com\/se\/blog\/behind-withblack\/#primaryimage"},"thumbnailUrl":"https:\/\/stylestore.com\/se\/wp-content\/uploads\/sites\/5\/2021\/02\/withblack_landingpage_2.jpg","datePublished":"2021-02-03T13:45:52+00:00","dateModified":"2021-03-18T10:45:26+00:00","author":{"@id":"https:\/\/stylestore.com\/se\/#\/schema\/person\/9aec83ddc7cd53c400634e4dd3660686"},"breadcrumb":{"@id":"https:\/\/stylestore.com\/se\/blog\/behind-withblack\/#breadcrumb"},"inLanguage":"sv-SE","potentialAction":[{"@type":"ReadAction","target":["https:\/\/stylestore.com\/se\/blog\/behind-withblack\/"]}]},{"@type":"ImageObject","inLanguage":"sv-SE","@id":"https:\/\/stylestore.com\/se\/blog\/behind-withblack\/#primaryimage","url":"https:\/\/stylestore.com\/se\/wp-content\/uploads\/sites\/5\/2021\/02\/withblack_landingpage_2.jpg","contentUrl":"https:\/\/stylestore.com\/se\/wp-content\/uploads\/sites\/5\/2021\/02\/withblack_landingpage_2.jpg","width":1274,"height":1274},{"@type":"BreadcrumbList","@id":"https:\/\/stylestore.com\/se\/blog\/behind-withblack\/#breadcrumb","itemListElement":[{"@type":"ListItem","position":1,"name":"Home","item":"https:\/\/stylestore.com\/se\/"},{"@type":"ListItem","position":2,"name":"BEHIND THE SCENES WITHBLACK"}]},{"@type":"WebSite","@id":"https:\/\/stylestore.com\/se\/#website","url":"https:\/\/stylestore.com\/se\/","name":"Stylestore.com Sweden","description":"","potentialAction":[{"@type":"SearchAction","target":{"@type":"EntryPoint","urlTemplate":"https:\/\/stylestore.com\/se\/?s={search_term_string}"},"query-input":{"@type":"PropertyValueSpecification","valueRequired":true,"valueName":"search_term_string"}}],"inLanguage":"sv-SE"},{"@type":"Person","@id":"https:\/\/stylestore.com\/se\/#\/schema\/person\/9aec83ddc7cd53c400634e4dd3660686","name":"elineeggers"}]}},"_links":{"self":[{"href":"https:\/\/stylestore.com\/se\/wp-json\/wp\/v2\/posts\/100393","targetHints":{"allow":["GET"]}}],"collection":[{"href":"https:\/\/stylestore.com\/se\/wp-json\/wp\/v2\/posts"}],"about":[{"href":"https:\/\/stylestore.com\/se\/wp-json\/wp\/v2\/types\/post"}],"author":[{"embeddable":true,"href":"https:\/\/stylestore.com\/se\/wp-json\/wp\/v2\/users\/4116"}],"replies":[{"embeddable":true,"href":"https:\/\/stylestore.com\/se\/wp-json\/wp\/v2\/comments?post=100393"}],"version-history":[{"count":1,"href":"https:\/\/stylestore.com\/se\/wp-json\/wp\/v2\/posts\/100393\/revisions"}],"predecessor-version":[{"id":107597,"href":"https:\/\/stylestore.com\/se\/wp-json\/wp\/v2\/posts\/100393\/revisions\/107597"}],"wp:featuredmedia":[{"embeddable":true,"href":"https:\/\/stylestore.com\/se\/wp-json\/wp\/v2\/media\/100436"}],"wp:attachment":[{"href":"https:\/\/stylestore.com\/se\/wp-json\/wp\/v2\/media?parent=100393"}],"wp:term":[{"taxonomy":"category","embeddable":true,"href":"https:\/\/stylestore.com\/se\/wp-json\/wp\/v2\/categories?post=100393"},{"taxonomy":"post_tag","embeddable":true,"href":"https:\/\/stylestore.com\/se\/wp-json\/wp\/v2\/tags?post=100393"}],"curies":[{"name":"wp","href":"https:\/\/api.w.org\/{rel}","templated":true}]}}